{"id":6513,"date":"2024-02-08T16:05:45","date_gmt":"2024-02-08T15:05:45","guid":{"rendered":"https:\/\/icm.catholique.fr\/cheminsdedialogue\/?p=6513"},"modified":"2024-02-08T16:12:00","modified_gmt":"2024-02-08T15:12:00","slug":"cahier-n17-le-ministere-laic-de-catechiste","status":"publish","type":"post","link":"https:\/\/icm.catholique.fr\/cheminsdedialogue\/cahier-n17-le-ministere-laic-de-catechiste\/","title":{"rendered":"Cahier N\u00b017 : Le minist\u00e8re la\u00efc de cat\u00e9chiste"},"content":{"rendered":"\t\t<div data-elementor-type=\"wp-post\" data-elementor-id=\"6513\" class=\"elementor elementor-6513\">\n\t\t\t\t\t\t\t\t\t<section class=\"elementor-section elementor-top-section elementor-element elementor-element-1147155 elementor-section-boxed elementor-section-height-default elementor-section-height-default\" data-id=\"1147155\" data-element_type=\"section\">\n\t\t\t\t\t\t<div class=\"elementor-container elementor-column-gap-default\">\n\t\t\t\t\t<div class=\"elementor-column elementor-col-50 elementor-top-column elementor-element elementor-element-3ddd516\" data-id=\"3ddd516\" data-element_type=\"column\">\n\t\t\t<div class=\"elementor-widget-wrap elementor-element-populated\">\n\t\t\t\t\t\t\t\t<div class=\"elementor-element elementor-element-4a637a8 elementor-widget__width-initial elementor-widget elementor-widget-image\" data-id=\"4a637a8\" data-element_type=\"widget\" data-widget_type=\"image.default\">\n\t\t\t\t<div class=\"elementor-widget-container\">\n\t\t\t\t\t\t\t\t\t\t\t\t\t\t\t<img decoding=\"async\" loading=\"lazy\" width=\"707\" height=\"1024\" src=\"https:\/\/icm.catholique.fr\/cheminsdedialogue\/wp-content\/uploads\/2024\/02\/Cahier-N\u00b017-707x1024.png\" class=\"attachment-large size-large wp-image-6516\" alt=\"\" srcset=\"https:\/\/icm.catholique.fr\/cheminsdedialogue\/wp-content\/uploads\/2024\/02\/Cahier-N\u00b017-707x1024.png 707w, https:\/\/icm.catholique.fr\/cheminsdedialogue\/wp-content\/uploads\/2024\/02\/Cahier-N\u00b017-207x300.png 207w, https:\/\/icm.catholique.fr\/cheminsdedialogue\/wp-content\/uploads\/2024\/02\/Cahier-N\u00b017-768x1112.png 768w, https:\/\/icm.catholique.fr\/cheminsdedialogue\/wp-content\/uploads\/2024\/02\/Cahier-N\u00b017-1061x1536.png 1061w, https:\/\/icm.catholique.fr\/cheminsdedialogue\/wp-content\/uploads\/2024\/02\/Cahier-N\u00b017.png 1381w\" sizes=\"(max-width: 707px) 100vw, 707px\" \/>\t\t\t\t\t\t\t\t\t\t\t\t\t\t\t<\/div>\n\t\t\t\t<\/div>\n\t\t\t\t\t<\/div>\n\t\t<\/div>\n\t\t\t\t<div class=\"elementor-column elementor-col-50 elementor-top-column elementor-element elementor-element-8758f89\" data-id=\"8758f89\" data-element_type=\"column\">\n\t\t\t<div class=\"elementor-widget-wrap elementor-element-populated\">\n\t\t\t\t\t\t\t\t<div class=\"elementor-element elementor-element-5f18830 elementor-widget__width-initial elementor-widget elementor-widget-text-editor\" data-id=\"5f18830\" data-element_type=\"widget\" data-widget_type=\"text-editor.default\">\n\t\t\t\t<div class=\"elementor-widget-container\">\n\t\t\t\t\t\t\t<div class=\"page\" title=\"Page 24\"><div class=\"section\"><div class=\"layoutArea\"><div class=\"column\"><p>Le ministe\u0300re lai\u0308c de cate\u0301chiste a e\u0301te\u0301 institue\u0301 re\u0301cemment par le pape Franc\u0327ois. La Confe\u0301rence des e\u0301ve\u0302ques de France travaille a\u0300 son application et ses modalite\u0301s pour l\u2019E\u0301glise de France. Pour le Pape, la mise en \u0153uvre d\u2019une diversification du ministe\u0300re est une urgence pour l\u2019E\u0301glise et pour les E\u0301glises locales. Aujourd\u2019hui, comme dans les E\u0301glises anciennes, de nombreux baptise\u0301s se mettent au service de la Parole, de la prie\u0300re et des pauvres. Instituer des ministres, en particulier des cate\u0301chistes, devrait permettre a\u0300 l\u2019E\u0301glise de mieux faire vivre ces charismes donne\u0301s a\u0300 tous et a\u0300 chacun.<\/p><\/div><\/div><\/div><\/div>\t\t\t\t\t\t<\/div>\n\t\t\t\t<\/div>\n\t\t\t\t\t<\/div>\n\t\t<\/div>\n\t\t\t\t\t\t\t<\/div>\n\t\t<\/section>\n\t\t\t\t<section class=\"elementor-section elementor-top-section elementor-element elementor-element-131137d elementor-section-boxed elementor-section-height-default elementor-section-height-default\" data-id=\"131137d\" data-element_type=\"section\">\n\t\t\t\t\t\t<div class=\"elementor-container elementor-column-gap-default\">\n\t\t\t\t\t<div class=\"elementor-column elementor-col-100 elementor-top-column elementor-element elementor-element-ebba6d3\" data-id=\"ebba6d3\" data-element_type=\"column\">\n\t\t\t<div class=\"elementor-widget-wrap elementor-element-populated\">\n\t\t\t\t\t\t\t\t<div class=\"elementor-element elementor-element-e27749e elementor-align-center elementor-widget elementor-widget-button\" data-id=\"e27749e\" data-element_type=\"widget\" data-widget_type=\"button.default\">\n\t\t\t\t<div class=\"elementor-widget-container\">\n\t\t\t\t\t<div class=\"elementor-button-wrapper\">\n\t\t\t<a class=\"elementor-button elementor-button-link elementor-size-sm\" href=\"https:\/\/www.helloasso.com\/associations\/association-chemins-de-dialogue\/evenements\/cahier-17-le-ministere-laic-de-cathechiste\">\n\t\t\t\t\t\t<span class=\"elementor-button-content-wrapper\">\n\t\t\t\t\t\t<span class=\"elementor-button-text\">Cliquez ici pour l'acheter<\/span>\n\t\t<\/span>\n\t\t\t\t\t<\/a>\n\t\t<\/div>\n\t\t\t\t<\/div>\n\t\t\t\t<\/div>\n\t\t\t\t\t<\/div>\n\t\t<\/div>\n\t\t\t\t\t\t\t<\/div>\n\t\t<\/section>\n\t\t\t\t\t\t\t<\/div>\n\t\t","protected":false},"excerpt":{"rendered":"<p>Le minist\u00e8re la\u00efc de cat\u00e9chiste a \u00e9t\u00e9 institu\u00e9 r\u00e9cemment par le pape Fran\u00e7ois. La Conf\u00e9rence des \u00e9v\u00eaques de France travaille \u00e0 son application et ses<a href=\"https:\/\/icm.catholique.fr\/cheminsdedialogue\/cahier-n17-le-ministere-laic-de-catechiste\/\" class=\"more-link\"><span class=\"screen-reader-text\"> \u00ab\u00a0Cahier N\u00b017 : Le minist\u00e8re la\u00efc de cat\u00e9chiste\u00a0\u00bb<\/span><\/a><\/p>\n","protected":false},"author":1,"featured_media":6514,"comment_status":"closed","ping_status":"closed","sticky":false,"template":"","format":"standard","meta":{"_mi_skip_tracking":false,"footnotes":""},"categories":[5],"tags":[],"yoast_head":"<!-- This site is optimized with the Yoast SEO plugin v21.4 - https:\/\/yoast.com\/wordpress\/plugins\/seo\/ -->\n<title>Cahier N\u00b017 : Le minist\u00e8re la\u00efc de cat\u00e9chiste - Chemins de Dialogue<\/title>\n<meta name=\"robots\" content=\"index, follow, max-snippet:-1, max-image-preview:large, max-video-preview:-1\" \/>\n<link rel=\"canonical\" href=\"https:\/\/icm.catholique.fr\/cheminsdedialogue\/cahier-n17-le-ministere-laic-de-catechiste\/\" \/>\n<meta property=\"og:locale\" content=\"fr_FR\" \/>\n<meta property=\"og:type\" content=\"article\" \/>\n<meta property=\"og:title\" content=\"Cahier N\u00b017 : Le minist\u00e8re la\u00efc de cat\u00e9chiste - Chemins de Dialogue\" \/>\n<meta property=\"og:description\" content=\"Le minist\u00e8re la\u00efc de cat\u00e9chiste a \u00e9t\u00e9 institu\u00e9 r\u00e9cemment par le pape Fran\u00e7ois. La Conf\u00e9rence des \u00e9v\u00eaques de France travaille \u00e0 son application et ses &quot;Cahier N\u00b017 : Le minist\u00e8re la\u00efc de cat\u00e9chiste&quot;\" \/>\n<meta property=\"og:url\" content=\"https:\/\/icm.catholique.fr\/cheminsdedialogue\/cahier-n17-le-ministere-laic-de-catechiste\/\" \/>\n<meta property=\"og:site_name\" content=\"Chemins de Dialogue\" \/>\n<meta property=\"article:published_time\" content=\"2024-02-08T15:05:45+00:00\" \/>\n<meta property=\"article:modified_time\" content=\"2024-02-08T15:12:00+00:00\" \/>\n<meta property=\"og:image\" content=\"https:\/\/icm.catholique.fr\/cheminsdedialogue\/wp-content\/uploads\/2024\/02\/Couverture-N\u00b017.png\" \/>\n\t<meta property=\"og:image:width\" content=\"597\" \/>\n\t<meta property=\"og:image:height\" content=\"849\" \/>\n\t<meta property=\"og:image:type\" content=\"image\/png\" \/>\n<meta name=\"author\" content=\"CDD13\" \/>\n<meta name=\"twitter:card\" content=\"summary_large_image\" \/>\n<meta name=\"twitter:label1\" content=\"\u00c9crit par\" \/>\n\t<meta name=\"twitter:data1\" content=\"CDD13\" \/>\n\t<meta name=\"twitter:label2\" content=\"Dur\u00e9e de lecture estim\u00e9e\" \/>\n\t<meta name=\"twitter:data2\" content=\"1 minute\" \/>\n<script type=\"application\/ld+json\" class=\"yoast-schema-graph\">{\"@context\":\"https:\/\/schema.org\",\"@graph\":[{\"@type\":\"Article\",\"@id\":\"https:\/\/icm.catholique.fr\/cheminsdedialogue\/cahier-n17-le-ministere-laic-de-catechiste\/#article\",\"isPartOf\":{\"@id\":\"https:\/\/icm.catholique.fr\/cheminsdedialogue\/cahier-n17-le-ministere-laic-de-catechiste\/\"},\"author\":{\"name\":\"CDD13\",\"@id\":\"https:\/\/icm.catholique.fr\/cheminsdedialogue\/#\/schema\/person\/c8c956c7eda0581bfe4fcabb6ddac401\"},\"headline\":\"Cahier N\u00b017 : Le minist\u00e8re la\u00efc de cat\u00e9chiste\",\"datePublished\":\"2024-02-08T15:05:45+00:00\",\"dateModified\":\"2024-02-08T15:12:00+00:00\",\"mainEntityOfPage\":{\"@id\":\"https:\/\/icm.catholique.fr\/cheminsdedialogue\/cahier-n17-le-ministere-laic-de-catechiste\/\"},\"wordCount\":124,\"publisher\":{\"@id\":\"https:\/\/icm.catholique.fr\/cheminsdedialogue\/#organization\"},\"articleSection\":[\"Les Cahiers\"],\"inLanguage\":\"fr-FR\"},{\"@type\":\"WebPage\",\"@id\":\"https:\/\/icm.catholique.fr\/cheminsdedialogue\/cahier-n17-le-ministere-laic-de-catechiste\/\",\"url\":\"https:\/\/icm.catholique.fr\/cheminsdedialogue\/cahier-n17-le-ministere-laic-de-catechiste\/\",\"name\":\"Cahier N\u00b017 : Le minist\u00e8re la\u00efc de cat\u00e9chiste - Chemins de Dialogue\",\"isPartOf\":{\"@id\":\"https:\/\/icm.catholique.fr\/cheminsdedialogue\/#website\"},\"datePublished\":\"2024-02-08T15:05:45+00:00\",\"dateModified\":\"2024-02-08T15:12:00+00:00\",\"breadcrumb\":{\"@id\":\"https:\/\/icm.catholique.fr\/cheminsdedialogue\/cahier-n17-le-ministere-laic-de-catechiste\/#breadcrumb\"},\"inLanguage\":\"fr-FR\",\"potentialAction\":[{\"@type\":\"ReadAction\",\"target\":[\"https:\/\/icm.catholique.fr\/cheminsdedialogue\/cahier-n17-le-ministere-laic-de-catechiste\/\"]}]},{\"@type\":\"BreadcrumbList\",\"@id\":\"https:\/\/icm.catholique.fr\/cheminsdedialogue\/cahier-n17-le-ministere-laic-de-catechiste\/#breadcrumb\",\"itemListElement\":[{\"@type\":\"ListItem\",\"position\":1,\"name\":\"Accueil\",\"item\":\"https:\/\/icm.catholique.fr\/cheminsdedialogue\/\"},{\"@type\":\"ListItem\",\"position\":2,\"name\":\"Cahier N\u00b017 : Le minist\u00e8re la\u00efc de cat\u00e9chiste\"}]},{\"@type\":\"WebSite\",\"@id\":\"https:\/\/icm.catholique.fr\/cheminsdedialogue\/#website\",\"url\":\"https:\/\/icm.catholique.fr\/cheminsdedialogue\/\",\"name\":\"Chemins de Dialogue\",\"description\":\"\",\"publisher\":{\"@id\":\"https:\/\/icm.catholique.fr\/cheminsdedialogue\/#organization\"},\"potentialAction\":[{\"@type\":\"SearchAction\",\"target\":{\"@type\":\"EntryPoint\",\"urlTemplate\":\"https:\/\/icm.catholique.fr\/cheminsdedialogue\/?s={search_term_string}\"},\"query-input\":\"required name=search_term_string\"}],\"inLanguage\":\"fr-FR\"},{\"@type\":\"Organization\",\"@id\":\"https:\/\/icm.catholique.fr\/cheminsdedialogue\/#organization\",\"name\":\"Association Chemins de Dialogue\",\"url\":\"https:\/\/icm.catholique.fr\/cheminsdedialogue\/\",\"logo\":{\"@type\":\"ImageObject\",\"inLanguage\":\"fr-FR\",\"@id\":\"https:\/\/icm.catholique.fr\/cheminsdedialogue\/#\/schema\/logo\/image\/\",\"url\":\"https:\/\/icm.catholique.fr\/cheminsdedialogue\/wp-content\/uploads\/2018\/11\/colombe-2.png\",\"contentUrl\":\"https:\/\/icm.catholique.fr\/cheminsdedialogue\/wp-content\/uploads\/2018\/11\/colombe-2.png\",\"width\":318,\"height\":201,\"caption\":\"Association Chemins de Dialogue\"},\"image\":{\"@id\":\"https:\/\/icm.catholique.fr\/cheminsdedialogue\/#\/schema\/logo\/image\/\"}},{\"@type\":\"Person\",\"@id\":\"https:\/\/icm.catholique.fr\/cheminsdedialogue\/#\/schema\/person\/c8c956c7eda0581bfe4fcabb6ddac401\",\"name\":\"CDD13\",\"image\":{\"@type\":\"ImageObject\",\"inLanguage\":\"fr-FR\",\"@id\":\"https:\/\/icm.catholique.fr\/cheminsdedialogue\/#\/schema\/person\/image\/\",\"url\":\"https:\/\/secure.gravatar.com\/avatar\/e883cf44ac9ef5022cf56056f957bcf0?s=96&d=mm&r=g\",\"contentUrl\":\"https:\/\/secure.gravatar.com\/avatar\/e883cf44ac9ef5022cf56056f957bcf0?s=96&d=mm&r=g\",\"caption\":\"CDD13\"},\"url\":\"https:\/\/icm.catholique.fr\/cheminsdedialogue\/author\/cdd13\/\"}]}<\/script>\n<!-- \/ Yoast SEO plugin. -->","yoast_head_json":{"title":"Cahier N\u00b017 : Le minist\u00e8re la\u00efc de cat\u00e9chiste - Chemins de Dialogue","robots":{"index":"index","follow":"follow","max-snippet":"max-snippet:-1","max-image-preview":"max-image-preview:large","max-video-preview":"max-video-preview:-1"},"canonical":"https:\/\/icm.catholique.fr\/cheminsdedialogue\/cahier-n17-le-ministere-laic-de-catechiste\/","og_locale":"fr_FR","og_type":"article","og_title":"Cahier N\u00b017 : Le minist\u00e8re la\u00efc de cat\u00e9chiste - Chemins de Dialogue","og_description":"Le minist\u00e8re la\u00efc de cat\u00e9chiste a \u00e9t\u00e9 institu\u00e9 r\u00e9cemment par le pape Fran\u00e7ois. La Conf\u00e9rence des \u00e9v\u00eaques de France travaille \u00e0 son application et ses \"Cahier N\u00b017 : Le minist\u00e8re la\u00efc de cat\u00e9chiste\"","og_url":"https:\/\/icm.catholique.fr\/cheminsdedialogue\/cahier-n17-le-ministere-laic-de-catechiste\/","og_site_name":"Chemins de Dialogue","article_published_time":"2024-02-08T15:05:45+00:00","article_modified_time":"2024-02-08T15:12:00+00:00","og_image":[{"width":597,"height":849,"url":"https:\/\/icm.catholique.fr\/cheminsdedialogue\/wp-content\/uploads\/2024\/02\/Couverture-N\u00b017.png","type":"image\/png"}],"author":"CDD13","twitter_card":"summary_large_image","twitter_misc":{"\u00c9crit par":"CDD13","Dur\u00e9e de lecture estim\u00e9e":"1 minute"},"schema":{"@context":"https:\/\/schema.org","@graph":[{"@type":"Article","@id":"https:\/\/icm.catholique.fr\/cheminsdedialogue\/cahier-n17-le-ministere-laic-de-catechiste\/#article","isPartOf":{"@id":"https:\/\/icm.catholique.fr\/cheminsdedialogue\/cahier-n17-le-ministere-laic-de-catechiste\/"},"author":{"name":"CDD13","@id":"https:\/\/icm.catholique.fr\/cheminsdedialogue\/#\/schema\/person\/c8c956c7eda0581bfe4fcabb6ddac401"},"headline":"Cahier N\u00b017 : Le minist\u00e8re la\u00efc de cat\u00e9chiste","datePublished":"2024-02-08T15:05:45+00:00","dateModified":"2024-02-08T15:12:00+00:00","mainEntityOfPage":{"@id":"https:\/\/icm.catholique.fr\/cheminsdedialogue\/cahier-n17-le-ministere-laic-de-catechiste\/"},"wordCount":124,"publisher":{"@id":"https:\/\/icm.catholique.fr\/cheminsdedialogue\/#organization"},"articleSection":["Les Cahiers"],"inLanguage":"fr-FR"},{"@type":"WebPage","@id":"https:\/\/icm.catholique.fr\/cheminsdedialogue\/cahier-n17-le-ministere-laic-de-catechiste\/","url":"https:\/\/icm.catholique.fr\/cheminsdedialogue\/cahier-n17-le-ministere-laic-de-catechiste\/","name":"Cahier N\u00b017 : Le minist\u00e8re la\u00efc de cat\u00e9chiste - Chemins de Dialogue","isPartOf":{"@id":"https:\/\/icm.catholique.fr\/cheminsdedialogue\/#website"},"datePublished":"2024-02-08T15:05:45+00:00","dateModified":"2024-02-08T15:12:00+00:00","breadcrumb":{"@id":"https:\/\/icm.catholique.fr\/cheminsdedialogue\/cahier-n17-le-ministere-laic-de-catechiste\/#breadcrumb"},"inLanguage":"fr-FR","potentialAction":[{"@type":"ReadAction","target":["https:\/\/icm.catholique.fr\/cheminsdedialogue\/cahier-n17-le-ministere-laic-de-catechiste\/"]}]},{"@type":"BreadcrumbList","@id":"https:\/\/icm.catholique.fr\/cheminsdedialogue\/cahier-n17-le-ministere-laic-de-catechiste\/#breadcrumb","itemListElement":[{"@type":"ListItem","position":1,"name":"Accueil","item":"https:\/\/icm.catholique.fr\/cheminsdedialogue\/"},{"@type":"ListItem","position":2,"name":"Cahier N\u00b017 : Le minist\u00e8re la\u00efc de cat\u00e9chiste"}]},{"@type":"WebSite","@id":"https:\/\/icm.catholique.fr\/cheminsdedialogue\/#website","url":"https:\/\/icm.catholique.fr\/cheminsdedialogue\/","name":"Chemins de Dialogue","description":"","publisher":{"@id":"https:\/\/icm.catholique.fr\/cheminsdedialogue\/#organization"},"potentialAction":[{"@type":"SearchAction","target":{"@type":"EntryPoint","urlTemplate":"https:\/\/icm.catholique.fr\/cheminsdedialogue\/?s={search_term_string}"},"query-input":"required name=search_term_string"}],"inLanguage":"fr-FR"},{"@type":"Organization","@id":"https:\/\/icm.catholique.fr\/cheminsdedialogue\/#organization","name":"Association Chemins de Dialogue","url":"https:\/\/icm.catholique.fr\/cheminsdedialogue\/","logo":{"@type":"ImageObject","inLanguage":"fr-FR","@id":"https:\/\/icm.catholique.fr\/cheminsdedialogue\/#\/schema\/logo\/image\/","url":"https:\/\/icm.catholique.fr\/cheminsdedialogue\/wp-content\/uploads\/2018\/11\/colombe-2.png","contentUrl":"https:\/\/icm.catholique.fr\/cheminsdedialogue\/wp-content\/uploads\/2018\/11\/colombe-2.png","width":318,"height":201,"caption":"Association Chemins de Dialogue"},"image":{"@id":"https:\/\/icm.catholique.fr\/cheminsdedialogue\/#\/schema\/logo\/image\/"}},{"@type":"Person","@id":"https:\/\/icm.catholique.fr\/cheminsdedialogue\/#\/schema\/person\/c8c956c7eda0581bfe4fcabb6ddac401","name":"CDD13","image":{"@type":"ImageObject","inLanguage":"fr-FR","@id":"https:\/\/icm.catholique.fr\/cheminsdedialogue\/#\/schema\/person\/image\/","url":"https:\/\/secure.gravatar.com\/avatar\/e883cf44ac9ef5022cf56056f957bcf0?s=96&d=mm&r=g","contentUrl":"https:\/\/secure.gravatar.com\/avatar\/e883cf44ac9ef5022cf56056f957bcf0?s=96&d=mm&r=g","caption":"CDD13"},"url":"https:\/\/icm.catholique.fr\/cheminsdedialogue\/author\/cdd13\/"}]}},"_links":{"self":[{"href":"https:\/\/icm.catholique.fr\/cheminsdedialogue\/wp-json\/wp\/v2\/posts\/6513"}],"collection":[{"href":"https:\/\/icm.catholique.fr\/cheminsdedialogue\/wp-json\/wp\/v2\/posts"}],"about":[{"href":"https:\/\/icm.catholique.fr\/cheminsdedialogue\/wp-json\/wp\/v2\/types\/post"}],"author":[{"embeddable":true,"href":"https:\/\/icm.catholique.fr\/cheminsdedialogue\/wp-json\/wp\/v2\/users\/1"}],"replies":[{"embeddable":true,"href":"https:\/\/icm.catholique.fr\/cheminsdedialogue\/wp-json\/wp\/v2\/comments?post=6513"}],"version-history":[{"count":5,"href":"https:\/\/icm.catholique.fr\/cheminsdedialogue\/wp-json\/wp\/v2\/posts\/6513\/revisions"}],"predecessor-version":[{"id":6520,"href":"https:\/\/icm.catholique.fr\/cheminsdedialogue\/wp-json\/wp\/v2\/posts\/6513\/revisions\/6520"}],"wp:featuredmedia":[{"embeddable":true,"href":"https:\/\/icm.catholique.fr\/cheminsdedialogue\/wp-json\/wp\/v2\/media\/6514"}],"wp:attachment":[{"href":"https:\/\/icm.catholique.fr\/cheminsdedialogue\/wp-json\/wp\/v2\/media?parent=6513"}],"wp:term":[{"taxonomy":"category","embeddable":true,"href":"https:\/\/icm.catholique.fr\/cheminsdedialogue\/wp-json\/wp\/v2\/categories?post=6513"},{"taxonomy":"post_tag","embeddable":true,"href":"https:\/\/icm.catholique.fr\/cheminsdedialogue\/wp-json\/wp\/v2\/tags?post=6513"}],"curies":[{"name":"wp","href":"https:\/\/api.w.org\/{rel}","templated":true}]}}