{"id":6376,"date":"2023-10-04T16:40:55","date_gmt":"2023-10-04T14:40:55","guid":{"rendered":"https:\/\/icm.catholique.fr\/cheminsdedialogue\/?p=6376"},"modified":"2023-10-16T11:34:39","modified_gmt":"2023-10-16T09:34:39","slug":"thomas-merton-en-dialogue-avec-les-spiritualites-dasie","status":"publish","type":"post","link":"https:\/\/icm.catholique.fr\/cheminsdedialogue\/thomas-merton-en-dialogue-avec-les-spiritualites-dasie\/","title":{"rendered":"Thomas Merton en dialogue avec les spiritualit\u00e9s d\u2019Asie"},"content":{"rendered":"\t\t<div data-elementor-type=\"wp-post\" data-elementor-id=\"6376\" class=\"elementor elementor-6376\">\n\t\t\t\t\t\t\t\t\t<section class=\"elementor-section elementor-top-section elementor-element elementor-element-5c55098 elementor-section-boxed elementor-section-height-default elementor-section-height-default\" data-id=\"5c55098\" data-element_type=\"section\">\n\t\t\t\t\t\t<div class=\"elementor-container elementor-column-gap-default\">\n\t\t\t\t\t<div class=\"elementor-column elementor-col-50 elementor-top-column elementor-element elementor-element-2ec062c\" data-id=\"2ec062c\" data-element_type=\"column\">\n\t\t\t<div class=\"elementor-widget-wrap elementor-element-populated\">\n\t\t\t\t\t\t\t\t<div class=\"elementor-element elementor-element-67ee8d2 elementor-widget elementor-widget-image\" data-id=\"67ee8d2\" data-element_type=\"widget\" data-widget_type=\"image.default\">\n\t\t\t\t<div class=\"elementor-widget-container\">\n\t\t\t\t\t\t\t\t\t\t\t\t\t\t\t<img decoding=\"async\" src=\"https:\/\/icm.catholique.fr\/cheminsdedialogue\/wp-content\/uploads\/elementor\/thumbs\/Affiche-Revue-61-2-qdxvmah8l9a6zocipb64b0wf666he6qo4w97x3eg3k.png\" title=\"_Affiche Revue 61 (2)\" alt=\"_Affiche Revue 61 (2)\" loading=\"lazy\" \/>\t\t\t\t\t\t\t\t\t\t\t\t\t\t\t<\/div>\n\t\t\t\t<\/div>\n\t\t\t\t\t<\/div>\n\t\t<\/div>\n\t\t\t\t<div class=\"elementor-column elementor-col-50 elementor-top-column elementor-element elementor-element-c14ef21\" data-id=\"c14ef21\" data-element_type=\"column\">\n\t\t\t<div class=\"elementor-widget-wrap elementor-element-populated\">\n\t\t\t\t\t\t\t\t<div class=\"elementor-element elementor-element-11f45ef elementor-widget elementor-widget-text-editor\" data-id=\"11f45ef\" data-element_type=\"widget\" data-widget_type=\"text-editor.default\">\n\t\t\t\t<div class=\"elementor-widget-container\">\n\t\t\t\t\t\t\t<p><span style=\"font-size: 12px;\">Le 31 mai 2023, <strong>Agn\u00e8s Gros<\/strong>, b\u00e9n\u00e9vole active de Chemins de Dialogue et doctorante en th\u00e9ologie \u00e0 l\u2019universit\u00e9 de Gen\u00e8ve, a donn\u00e9 une conf\u00e9rence sur&nbsp;&nbsp; <strong>\u00ab Thomas Merton en dialogue avec les spiritualit\u00e9s d\u2019Asie \u00bb.<\/strong>&nbsp;<\/span><\/p>\n<p><span style=\"font-size: 12px;\">Thomas Merton \u00e9tait un moine trappiste am\u00e9ricain, mort en 1968 \u00e0 Bangkok. Il a beaucoup \u00e9crit sur la vie int\u00e9rieure et s&rsquo;est int\u00e9ress\u00e9 aux spiritualit\u00e9s d&rsquo;Asie comme moyen d&rsquo;aller plus loin dans sa vie spirituelle. Il a entretenu un dialogue approfondi avec des ma\u00eetres spirituels de diverses traditions. Le dialogue \u00e9tait pour lui une relation d&rsquo;amiti\u00e9. Il a \u00e9t\u00e9 un pionnier dans le domaine du dialogue interreligieux, en particulier \u00e0 travers le dialogue interreligieux monastique.<\/span><\/p>\t\t\t\t\t\t<\/div>\n\t\t\t\t<\/div>\n\t\t\t\t\t<\/div>\n\t\t<\/div>\n\t\t\t\t\t\t\t<\/div>\n\t\t<\/section>\n\t\t\t\t<section class=\"elementor-section elementor-top-section elementor-element elementor-element-2c33932 elementor-section-boxed elementor-section-height-default elementor-section-height-default\" data-id=\"2c33932\" data-element_type=\"section\">\n\t\t\t\t\t\t<div class=\"elementor-container elementor-column-gap-default\">\n\t\t\t\t\t<div class=\"elementor-column elementor-col-100 elementor-top-column elementor-element elementor-element-4570a3f\" data-id=\"4570a3f\" data-element_type=\"column\">\n\t\t\t<div class=\"elementor-widget-wrap elementor-element-populated\">\n\t\t\t\t\t\t\t\t<div class=\"elementor-element elementor-element-8bd8aa6 elementor-widget elementor-widget-image\" data-id=\"8bd8aa6\" data-element_type=\"widget\" data-widget_type=\"image.default\">\n\t\t\t\t<div class=\"elementor-widget-container\">\n\t\t\t\t\t\t\t\t\t\t\t\t\t\t\t<img decoding=\"async\" loading=\"lazy\" width=\"665\" height=\"169\" src=\"https:\/\/icm.catholique.fr\/cheminsdedialogue\/wp-content\/uploads\/2023\/10\/Capture-de\u0301cran-2023-10-04-a\u0300-16.42.49.png\" class=\"attachment-large size-large wp-image-6380\" alt=\"\" srcset=\"https:\/\/icm.catholique.fr\/cheminsdedialogue\/wp-content\/uploads\/2023\/10\/Capture-de\u0301cran-2023-10-04-a\u0300-16.42.49.png 665w, https:\/\/icm.catholique.fr\/cheminsdedialogue\/wp-content\/uploads\/2023\/10\/Capture-de\u0301cran-2023-10-04-a\u0300-16.42.49-300x76.png 300w\" sizes=\"(max-width: 665px) 100vw, 665px\" \/>\t\t\t\t\t\t\t\t\t\t\t\t\t\t\t<\/div>\n\t\t\t\t<\/div>\n\t\t\t\t\t<\/div>\n\t\t<\/div>\n\t\t\t\t\t\t\t<\/div>\n\t\t<\/section>\n\t\t\t\t<section class=\"elementor-section elementor-top-section elementor-element elementor-element-a0c4c1f elementor-section-boxed elementor-section-height-default elementor-section-height-default\" data-id=\"a0c4c1f\" data-element_type=\"section\">\n\t\t\t\t\t\t<div class=\"elementor-container elementor-column-gap-default\">\n\t\t\t\t\t<div class=\"elementor-column elementor-col-100 elementor-top-column elementor-element elementor-element-b3e8d21\" data-id=\"b3e8d21\" data-element_type=\"column\">\n\t\t\t<div class=\"elementor-widget-wrap elementor-element-populated\">\n\t\t\t\t\t\t\t\t<div class=\"elementor-element elementor-element-12bda31 elementor-align-center elementor-widget elementor-widget-button\" data-id=\"12bda31\" data-element_type=\"widget\" data-widget_type=\"button.default\">\n\t\t\t\t<div class=\"elementor-widget-container\">\n\t\t\t\t\t<div class=\"elementor-button-wrapper\">\n\t\t\t<a class=\"elementor-button elementor-button-link elementor-size-sm\" href=\"https:\/\/vimeo.com\/837837699\">\n\t\t\t\t\t\t<span class=\"elementor-button-content-wrapper\">\n\t\t\t\t\t\t<span class=\"elementor-button-text\">Cliquez ici<\/span>\n\t\t<\/span>\n\t\t\t\t\t<\/a>\n\t\t<\/div>\n\t\t\t\t<\/div>\n\t\t\t\t<\/div>\n\t\t\t\t\t<\/div>\n\t\t<\/div>\n\t\t\t\t\t\t\t<\/div>\n\t\t<\/section>\n\t\t\t\t<section class=\"elementor-section elementor-top-section elementor-element elementor-element-5391a40 elementor-section-boxed elementor-section-height-default elementor-section-height-default\" data-id=\"5391a40\" data-element_type=\"section\">\n\t\t\t\t\t\t<div class=\"elementor-container elementor-column-gap-default\">\n\t\t\t\t\t<div class=\"elementor-column elementor-col-100 elementor-top-column elementor-element elementor-element-d64b60c\" data-id=\"d64b60c\" data-element_type=\"column\">\n\t\t\t<div class=\"elementor-widget-wrap elementor-element-populated\">\n\t\t\t\t\t\t\t\t<div class=\"elementor-element elementor-element-5b1ba73 elementor-widget elementor-widget-text-editor\" data-id=\"5b1ba73\" data-element_type=\"widget\" data-widget_type=\"text-editor.default\">\n\t\t\t\t<div class=\"elementor-widget-container\">\n\t\t\t\t\t\t\t<p style=\"text-align: center;\"><strong><span style=\"font-size: 16px;\">Pour voir le replay de la conf\u00e9rence<\/span>\u00a0<\/strong><\/p>\t\t\t\t\t\t<\/div>\n\t\t\t\t<\/div>\n\t\t\t\t\t<\/div>\n\t\t<\/div>\n\t\t\t\t\t\t\t<\/div>\n\t\t<\/section>\n\t\t\t\t\t\t\t<\/div>\n\t\t","protected":false},"excerpt":{"rendered":"<p>Le 31 mai 2023, Agn\u00e8s Gros, b\u00e9n\u00e9vole active de Chemins de Dialogue et doctorante en th\u00e9ologie \u00e0 l\u2019universit\u00e9 de Gen\u00e8ve, a donn\u00e9 une conf\u00e9rence sur&nbsp;&nbsp;<a href=\"https:\/\/icm.catholique.fr\/cheminsdedialogue\/thomas-merton-en-dialogue-avec-les-spiritualites-dasie\/\" class=\"more-link\"><span class=\"screen-reader-text\"> \u00ab\u00a0Thomas Merton en dialogue avec les spiritualit\u00e9s d\u2019Asie\u00a0\u00bb<\/span><\/a><\/p>\n","protected":false},"author":1,"featured_media":6377,"comment_status":"closed","ping_status":"open","sticky":false,"template":"","format":"standard","meta":{"_mi_skip_tracking":false,"footnotes":""},"categories":[16],"tags":[],"yoast_head":"<!-- This site is optimized with the Yoast SEO plugin v21.4 - https:\/\/yoast.com\/wordpress\/plugins\/seo\/ -->\n<title>Thomas Merton en dialogue avec les spiritualit\u00e9s d\u2019Asie - Chemins de Dialogue<\/title>\n<meta name=\"robots\" content=\"index, follow, max-snippet:-1, max-image-preview:large, max-video-preview:-1\" \/>\n<link rel=\"canonical\" href=\"https:\/\/icm.catholique.fr\/cheminsdedialogue\/thomas-merton-en-dialogue-avec-les-spiritualites-dasie\/\" \/>\n<meta property=\"og:locale\" content=\"fr_FR\" \/>\n<meta property=\"og:type\" content=\"article\" \/>\n<meta property=\"og:title\" content=\"Thomas Merton en dialogue avec les spiritualit\u00e9s d\u2019Asie - Chemins de Dialogue\" \/>\n<meta property=\"og:description\" content=\"Le 31 mai 2023, Agn\u00e8s Gros, b\u00e9n\u00e9vole active de Chemins de Dialogue et doctorante en th\u00e9ologie \u00e0 l\u2019universit\u00e9 de Gen\u00e8ve, a donn\u00e9 une conf\u00e9rence sur&nbsp;&nbsp; &quot;Thomas Merton en dialogue avec les spiritualit\u00e9s d\u2019Asie&quot;\" \/>\n<meta property=\"og:url\" content=\"https:\/\/icm.catholique.fr\/cheminsdedialogue\/thomas-merton-en-dialogue-avec-les-spiritualites-dasie\/\" \/>\n<meta property=\"og:site_name\" content=\"Chemins de Dialogue\" \/>\n<meta property=\"article:published_time\" content=\"2023-10-04T14:40:55+00:00\" \/>\n<meta property=\"article:modified_time\" content=\"2023-10-16T09:34:39+00:00\" \/>\n<meta property=\"og:image\" content=\"https:\/\/icm.catholique.fr\/cheminsdedialogue\/wp-content\/uploads\/2023\/10\/Affiche-Revue-61-707x1024.png\" \/>\n\t<meta property=\"og:image:width\" content=\"707\" \/>\n\t<meta property=\"og:image:height\" content=\"1024\" \/>\n\t<meta property=\"og:image:type\" content=\"image\/png\" \/>\n<meta name=\"author\" content=\"CDD13\" \/>\n<meta name=\"twitter:card\" content=\"summary_large_image\" \/>\n<meta name=\"twitter:label1\" content=\"\u00c9crit par\" \/>\n\t<meta name=\"twitter:data1\" content=\"CDD13\" \/>\n\t<meta name=\"twitter:label2\" content=\"Dur\u00e9e de lecture estim\u00e9e\" \/>\n\t<meta name=\"twitter:data2\" content=\"1 minute\" \/>\n<script type=\"application\/ld+json\" class=\"yoast-schema-graph\">{\"@context\":\"https:\/\/schema.org\",\"@graph\":[{\"@type\":\"Article\",\"@id\":\"https:\/\/icm.catholique.fr\/cheminsdedialogue\/thomas-merton-en-dialogue-avec-les-spiritualites-dasie\/#article\",\"isPartOf\":{\"@id\":\"https:\/\/icm.catholique.fr\/cheminsdedialogue\/thomas-merton-en-dialogue-avec-les-spiritualites-dasie\/\"},\"author\":{\"name\":\"CDD13\",\"@id\":\"https:\/\/icm.catholique.fr\/cheminsdedialogue\/#\/schema\/person\/c8c956c7eda0581bfe4fcabb6ddac401\"},\"headline\":\"Thomas Merton en dialogue avec les spiritualit\u00e9s d\u2019Asie\",\"datePublished\":\"2023-10-04T14:40:55+00:00\",\"dateModified\":\"2023-10-16T09:34:39+00:00\",\"mainEntityOfPage\":{\"@id\":\"https:\/\/icm.catholique.fr\/cheminsdedialogue\/thomas-merton-en-dialogue-avec-les-spiritualites-dasie\/\"},\"wordCount\":139,\"publisher\":{\"@id\":\"https:\/\/icm.catholique.fr\/cheminsdedialogue\/#organization\"},\"articleSection\":[\"\u00c9v\u00e9nement\"],\"inLanguage\":\"fr-FR\"},{\"@type\":\"WebPage\",\"@id\":\"https:\/\/icm.catholique.fr\/cheminsdedialogue\/thomas-merton-en-dialogue-avec-les-spiritualites-dasie\/\",\"url\":\"https:\/\/icm.catholique.fr\/cheminsdedialogue\/thomas-merton-en-dialogue-avec-les-spiritualites-dasie\/\",\"name\":\"Thomas Merton en dialogue avec les spiritualit\u00e9s d\u2019Asie - Chemins de Dialogue\",\"isPartOf\":{\"@id\":\"https:\/\/icm.catholique.fr\/cheminsdedialogue\/#website\"},\"datePublished\":\"2023-10-04T14:40:55+00:00\",\"dateModified\":\"2023-10-16T09:34:39+00:00\",\"breadcrumb\":{\"@id\":\"https:\/\/icm.catholique.fr\/cheminsdedialogue\/thomas-merton-en-dialogue-avec-les-spiritualites-dasie\/#breadcrumb\"},\"inLanguage\":\"fr-FR\",\"potentialAction\":[{\"@type\":\"ReadAction\",\"target\":[\"https:\/\/icm.catholique.fr\/cheminsdedialogue\/thomas-merton-en-dialogue-avec-les-spiritualites-dasie\/\"]}]},{\"@type\":\"BreadcrumbList\",\"@id\":\"https:\/\/icm.catholique.fr\/cheminsdedialogue\/thomas-merton-en-dialogue-avec-les-spiritualites-dasie\/#breadcrumb\",\"itemListElement\":[{\"@type\":\"ListItem\",\"position\":1,\"name\":\"Accueil\",\"item\":\"https:\/\/icm.catholique.fr\/cheminsdedialogue\/\"},{\"@type\":\"ListItem\",\"position\":2,\"name\":\"Thomas Merton en dialogue avec les spiritualit\u00e9s d\u2019Asie\"}]},{\"@type\":\"WebSite\",\"@id\":\"https:\/\/icm.catholique.fr\/cheminsdedialogue\/#website\",\"url\":\"https:\/\/icm.catholique.fr\/cheminsdedialogue\/\",\"name\":\"Chemins de Dialogue\",\"description\":\"\",\"publisher\":{\"@id\":\"https:\/\/icm.catholique.fr\/cheminsdedialogue\/#organization\"},\"potentialAction\":[{\"@type\":\"SearchAction\",\"target\":{\"@type\":\"EntryPoint\",\"urlTemplate\":\"https:\/\/icm.catholique.fr\/cheminsdedialogue\/?s={search_term_string}\"},\"query-input\":\"required name=search_term_string\"}],\"inLanguage\":\"fr-FR\"},{\"@type\":\"Organization\",\"@id\":\"https:\/\/icm.catholique.fr\/cheminsdedialogue\/#organization\",\"name\":\"Association Chemins de Dialogue\",\"url\":\"https:\/\/icm.catholique.fr\/cheminsdedialogue\/\",\"logo\":{\"@type\":\"ImageObject\",\"inLanguage\":\"fr-FR\",\"@id\":\"https:\/\/icm.catholique.fr\/cheminsdedialogue\/#\/schema\/logo\/image\/\",\"url\":\"https:\/\/icm.catholique.fr\/cheminsdedialogue\/wp-content\/uploads\/2018\/11\/colombe-2.png\",\"contentUrl\":\"https:\/\/icm.catholique.fr\/cheminsdedialogue\/wp-content\/uploads\/2018\/11\/colombe-2.png\",\"width\":318,\"height\":201,\"caption\":\"Association Chemins de Dialogue\"},\"image\":{\"@id\":\"https:\/\/icm.catholique.fr\/cheminsdedialogue\/#\/schema\/logo\/image\/\"}},{\"@type\":\"Person\",\"@id\":\"https:\/\/icm.catholique.fr\/cheminsdedialogue\/#\/schema\/person\/c8c956c7eda0581bfe4fcabb6ddac401\",\"name\":\"CDD13\",\"image\":{\"@type\":\"ImageObject\",\"inLanguage\":\"fr-FR\",\"@id\":\"https:\/\/icm.catholique.fr\/cheminsdedialogue\/#\/schema\/person\/image\/\",\"url\":\"https:\/\/secure.gravatar.com\/avatar\/e883cf44ac9ef5022cf56056f957bcf0?s=96&d=mm&r=g\",\"contentUrl\":\"https:\/\/secure.gravatar.com\/avatar\/e883cf44ac9ef5022cf56056f957bcf0?s=96&d=mm&r=g\",\"caption\":\"CDD13\"},\"url\":\"https:\/\/icm.catholique.fr\/cheminsdedialogue\/author\/cdd13\/\"}]}<\/script>\n<!-- \/ Yoast SEO plugin. -->","yoast_head_json":{"title":"Thomas Merton en dialogue avec les spiritualit\u00e9s d\u2019Asie - Chemins de Dialogue","robots":{"index":"index","follow":"follow","max-snippet":"max-snippet:-1","max-image-preview":"max-image-preview:large","max-video-preview":"max-video-preview:-1"},"canonical":"https:\/\/icm.catholique.fr\/cheminsdedialogue\/thomas-merton-en-dialogue-avec-les-spiritualites-dasie\/","og_locale":"fr_FR","og_type":"article","og_title":"Thomas Merton en dialogue avec les spiritualit\u00e9s d\u2019Asie - Chemins de Dialogue","og_description":"Le 31 mai 2023, Agn\u00e8s Gros, b\u00e9n\u00e9vole active de Chemins de Dialogue et doctorante en th\u00e9ologie \u00e0 l\u2019universit\u00e9 de Gen\u00e8ve, a donn\u00e9 une conf\u00e9rence sur&nbsp;&nbsp; \"Thomas Merton en dialogue avec les spiritualit\u00e9s d\u2019Asie\"","og_url":"https:\/\/icm.catholique.fr\/cheminsdedialogue\/thomas-merton-en-dialogue-avec-les-spiritualites-dasie\/","og_site_name":"Chemins de Dialogue","article_published_time":"2023-10-04T14:40:55+00:00","article_modified_time":"2023-10-16T09:34:39+00:00","og_image":[{"width":707,"height":1024,"url":"https:\/\/icm.catholique.fr\/cheminsdedialogue\/wp-content\/uploads\/2023\/10\/Affiche-Revue-61-707x1024.png","type":"image\/png"}],"author":"CDD13","twitter_card":"summary_large_image","twitter_misc":{"\u00c9crit par":"CDD13","Dur\u00e9e de lecture estim\u00e9e":"1 minute"},"schema":{"@context":"https:\/\/schema.org","@graph":[{"@type":"Article","@id":"https:\/\/icm.catholique.fr\/cheminsdedialogue\/thomas-merton-en-dialogue-avec-les-spiritualites-dasie\/#article","isPartOf":{"@id":"https:\/\/icm.catholique.fr\/cheminsdedialogue\/thomas-merton-en-dialogue-avec-les-spiritualites-dasie\/"},"author":{"name":"CDD13","@id":"https:\/\/icm.catholique.fr\/cheminsdedialogue\/#\/schema\/person\/c8c956c7eda0581bfe4fcabb6ddac401"},"headline":"Thomas Merton en dialogue avec les spiritualit\u00e9s d\u2019Asie","datePublished":"2023-10-04T14:40:55+00:00","dateModified":"2023-10-16T09:34:39+00:00","mainEntityOfPage":{"@id":"https:\/\/icm.catholique.fr\/cheminsdedialogue\/thomas-merton-en-dialogue-avec-les-spiritualites-dasie\/"},"wordCount":139,"publisher":{"@id":"https:\/\/icm.catholique.fr\/cheminsdedialogue\/#organization"},"articleSection":["\u00c9v\u00e9nement"],"inLanguage":"fr-FR"},{"@type":"WebPage","@id":"https:\/\/icm.catholique.fr\/cheminsdedialogue\/thomas-merton-en-dialogue-avec-les-spiritualites-dasie\/","url":"https:\/\/icm.catholique.fr\/cheminsdedialogue\/thomas-merton-en-dialogue-avec-les-spiritualites-dasie\/","name":"Thomas Merton en dialogue avec les spiritualit\u00e9s d\u2019Asie - Chemins de Dialogue","isPartOf":{"@id":"https:\/\/icm.catholique.fr\/cheminsdedialogue\/#website"},"datePublished":"2023-10-04T14:40:55+00:00","dateModified":"2023-10-16T09:34:39+00:00","breadcrumb":{"@id":"https:\/\/icm.catholique.fr\/cheminsdedialogue\/thomas-merton-en-dialogue-avec-les-spiritualites-dasie\/#breadcrumb"},"inLanguage":"fr-FR","potentialAction":[{"@type":"ReadAction","target":["https:\/\/icm.catholique.fr\/cheminsdedialogue\/thomas-merton-en-dialogue-avec-les-spiritualites-dasie\/"]}]},{"@type":"BreadcrumbList","@id":"https:\/\/icm.catholique.fr\/cheminsdedialogue\/thomas-merton-en-dialogue-avec-les-spiritualites-dasie\/#breadcrumb","itemListElement":[{"@type":"ListItem","position":1,"name":"Accueil","item":"https:\/\/icm.catholique.fr\/cheminsdedialogue\/"},{"@type":"ListItem","position":2,"name":"Thomas Merton en dialogue avec les spiritualit\u00e9s d\u2019Asie"}]},{"@type":"WebSite","@id":"https:\/\/icm.catholique.fr\/cheminsdedialogue\/#website","url":"https:\/\/icm.catholique.fr\/cheminsdedialogue\/","name":"Chemins de Dialogue","description":"","publisher":{"@id":"https:\/\/icm.catholique.fr\/cheminsdedialogue\/#organization"},"potentialAction":[{"@type":"SearchAction","target":{"@type":"EntryPoint","urlTemplate":"https:\/\/icm.catholique.fr\/cheminsdedialogue\/?s={search_term_string}"},"query-input":"required name=search_term_string"}],"inLanguage":"fr-FR"},{"@type":"Organization","@id":"https:\/\/icm.catholique.fr\/cheminsdedialogue\/#organization","name":"Association Chemins de Dialogue","url":"https:\/\/icm.catholique.fr\/cheminsdedialogue\/","logo":{"@type":"ImageObject","inLanguage":"fr-FR","@id":"https:\/\/icm.catholique.fr\/cheminsdedialogue\/#\/schema\/logo\/image\/","url":"https:\/\/icm.catholique.fr\/cheminsdedialogue\/wp-content\/uploads\/2018\/11\/colombe-2.png","contentUrl":"https:\/\/icm.catholique.fr\/cheminsdedialogue\/wp-content\/uploads\/2018\/11\/colombe-2.png","width":318,"height":201,"caption":"Association Chemins de Dialogue"},"image":{"@id":"https:\/\/icm.catholique.fr\/cheminsdedialogue\/#\/schema\/logo\/image\/"}},{"@type":"Person","@id":"https:\/\/icm.catholique.fr\/cheminsdedialogue\/#\/schema\/person\/c8c956c7eda0581bfe4fcabb6ddac401","name":"CDD13","image":{"@type":"ImageObject","inLanguage":"fr-FR","@id":"https:\/\/icm.catholique.fr\/cheminsdedialogue\/#\/schema\/person\/image\/","url":"https:\/\/secure.gravatar.com\/avatar\/e883cf44ac9ef5022cf56056f957bcf0?s=96&d=mm&r=g","contentUrl":"https:\/\/secure.gravatar.com\/avatar\/e883cf44ac9ef5022cf56056f957bcf0?s=96&d=mm&r=g","caption":"CDD13"},"url":"https:\/\/icm.catholique.fr\/cheminsdedialogue\/author\/cdd13\/"}]}},"_links":{"self":[{"href":"https:\/\/icm.catholique.fr\/cheminsdedialogue\/wp-json\/wp\/v2\/posts\/6376"}],"collection":[{"href":"https:\/\/icm.catholique.fr\/cheminsdedialogue\/wp-json\/wp\/v2\/posts"}],"about":[{"href":"https:\/\/icm.catholique.fr\/cheminsdedialogue\/wp-json\/wp\/v2\/types\/post"}],"author":[{"embeddable":true,"href":"https:\/\/icm.catholique.fr\/cheminsdedialogue\/wp-json\/wp\/v2\/users\/1"}],"replies":[{"embeddable":true,"href":"https:\/\/icm.catholique.fr\/cheminsdedialogue\/wp-json\/wp\/v2\/comments?post=6376"}],"version-history":[{"count":10,"href":"https:\/\/icm.catholique.fr\/cheminsdedialogue\/wp-json\/wp\/v2\/posts\/6376\/revisions"}],"predecessor-version":[{"id":6391,"href":"https:\/\/icm.catholique.fr\/cheminsdedialogue\/wp-json\/wp\/v2\/posts\/6376\/revisions\/6391"}],"wp:featuredmedia":[{"embeddable":true,"href":"https:\/\/icm.catholique.fr\/cheminsdedialogue\/wp-json\/wp\/v2\/media\/6377"}],"wp:attachment":[{"href":"https:\/\/icm.catholique.fr\/cheminsdedialogue\/wp-json\/wp\/v2\/media?parent=6376"}],"wp:term":[{"taxonomy":"category","embeddable":true,"href":"https:\/\/icm.catholique.fr\/cheminsdedialogue\/wp-json\/wp\/v2\/categories?post=6376"},{"taxonomy":"post_tag","embeddable":true,"href":"https:\/\/icm.catholique.fr\/cheminsdedialogue\/wp-json\/wp\/v2\/tags?post=6376"}],"curies":[{"name":"wp","href":"https:\/\/api.w.org\/{rel}","templated":true}]}}