{"id":6090,"date":"2022-08-30T15:15:26","date_gmt":"2022-08-30T13:15:26","guid":{"rendered":"https:\/\/icm.catholique.fr\/cheminsdedialogue\/?p=6090"},"modified":"2022-11-23T16:19:50","modified_gmt":"2022-11-23T15:19:50","slug":"conference-de-yann-vagneux-le-christianisme-a-la-rencontre-de-lhindouisme","status":"publish","type":"post","link":"https:\/\/icm.catholique.fr\/cheminsdedialogue\/conference-de-yann-vagneux-le-christianisme-a-la-rencontre-de-lhindouisme\/","title":{"rendered":"Conf\u00e9rence de Yann Vagneux : Le christianisme \u00e0 la rencontre de l&rsquo;hindouisme"},"content":{"rendered":"\t\t<div data-elementor-type=\"wp-post\" data-elementor-id=\"6090\" class=\"elementor elementor-6090\">\n\t\t\t\t\t\t\t\t\t<section class=\"elementor-section elementor-top-section elementor-element elementor-element-f9b3a10 elementor-section-boxed elementor-section-height-default elementor-section-height-default\" data-id=\"f9b3a10\" data-element_type=\"section\">\n\t\t\t\t\t\t<div class=\"elementor-container elementor-column-gap-default\">\n\t\t\t\t\t<div class=\"elementor-column elementor-col-33 elementor-top-column elementor-element elementor-element-3d37d2f\" data-id=\"3d37d2f\" data-element_type=\"column\">\n\t\t\t<div class=\"elementor-widget-wrap elementor-element-populated\">\n\t\t\t\t\t\t\t\t<div class=\"elementor-element elementor-element-666e642 elementor-widget elementor-widget-image\" data-id=\"666e642\" data-element_type=\"widget\" data-widget_type=\"image.default\">\n\t\t\t\t<div class=\"elementor-widget-container\">\n\t\t\t\t\t\t\t\t\t\t\t\t\t\t\t\t<a href=\"https:\/\/icm.catholique.fr\/cheminsdedialogue\/wp-content\/uploads\/2022\/08\/Yann-VAGNEUX-2.jpg\" data-elementor-open-lightbox=\"yes\" data-elementor-lightbox-title=\"Yann VAGNEUX\" data-e-action-hash=\"#elementor-action%3Aaction%3Dlightbox%26settings%3DeyJpZCI6NjEzNiwidXJsIjoiaHR0cHM6XC9cL2ljbS5jYXRob2xpcXVlLmZyXC9jaGVtaW5zZGVkaWFsb2d1ZVwvd3AtY29udGVudFwvdXBsb2Fkc1wvMjAyMlwvMDhcL1lhbm4tVkFHTkVVWC0yLmpwZyJ9\">\n\t\t\t\t\t\t\t<img decoding=\"async\" loading=\"lazy\" width=\"724\" height=\"1024\" src=\"https:\/\/icm.catholique.fr\/cheminsdedialogue\/wp-content\/uploads\/2022\/08\/Yann-VAGNEUX-2-724x1024.jpg\" class=\"attachment-large size-large wp-image-6136\" alt=\"Le christianisme \u00e0 la rencontre de l&#039;hindouisme\" srcset=\"https:\/\/icm.catholique.fr\/cheminsdedialogue\/wp-content\/uploads\/2022\/08\/Yann-VAGNEUX-2-724x1024.jpg 724w, https:\/\/icm.catholique.fr\/cheminsdedialogue\/wp-content\/uploads\/2022\/08\/Yann-VAGNEUX-2-212x300.jpg 212w, https:\/\/icm.catholique.fr\/cheminsdedialogue\/wp-content\/uploads\/2022\/08\/Yann-VAGNEUX-2-768x1086.jpg 768w, https:\/\/icm.catholique.fr\/cheminsdedialogue\/wp-content\/uploads\/2022\/08\/Yann-VAGNEUX-2-1086x1536.jpg 1086w, https:\/\/icm.catholique.fr\/cheminsdedialogue\/wp-content\/uploads\/2022\/08\/Yann-VAGNEUX-2.jpg 1414w\" sizes=\"(max-width: 724px) 100vw, 724px\" \/>\t\t\t\t\t\t\t\t<\/a>\n\t\t\t\t\t\t\t\t\t\t\t\t\t\t\t<\/div>\n\t\t\t\t<\/div>\n\t\t\t\t\t<\/div>\n\t\t<\/div>\n\t\t\t\t<div class=\"elementor-column elementor-col-66 elementor-top-column elementor-element elementor-element-03e43a3\" data-id=\"03e43a3\" data-element_type=\"column\">\n\t\t\t<div class=\"elementor-widget-wrap elementor-element-populated\">\n\t\t\t\t\t\t\t\t<div class=\"elementor-element elementor-element-99d8414 elementor-widget elementor-widget-text-editor\" data-id=\"99d8414\" data-element_type=\"widget\" data-widget_type=\"text-editor.default\">\n\t\t\t\t<div class=\"elementor-widget-container\">\n\t\t\t\t\t\t\t<p><span style=\"color: #000000; font-size: 14px;\">Chemins de Dialogue vous invite \u00e0 voir ou revoir la conf\u00e9rence de Yann Vagneux :\u00a0 \u00a0 \u00a0<\/span><span style=\"color: #000000; font-size: 14px;\"><span style=\"text-decoration: underline;\">le christianisme \u00e0 la rencontre de l&rsquo;hindouisme<\/span>. <\/span><\/p><p><span style=\"color: #000000; font-size: 14px;\">Le p\u00e8re Yann Vagneux, pr\u00eatre des missions \u00e9trang\u00e8res de Paris \u00e0 B\u00e9nar\u00e8s, pr\u00e9sente \u00e0 cette occasion son livre \u00ab\u00a0Portraits indiens\u00a0\u00bb, qui a \u00e9t\u00e9 d\u00e9dicac\u00e9 \u00e0 l&rsquo;issue de la conf\u00e9rence.\u00a0<\/span><\/p><p><span style=\"color: #000000; font-size: 14px;\">La conf\u00e9rence a eu lieu le mardi <b>13 septembre 2022 \u00e0 19h <\/b>au centre le Mistral.<\/span><\/p><p><span style=\"font-size: 14px;\"><span style=\"color: #000000;\"><b>Le replay de la conf\u00e9rence est disponible en cliquant sur le bouton ci-dessous.\u00a0<\/b><\/span><\/span><\/p>\t\t\t\t\t\t<\/div>\n\t\t\t\t<\/div>\n\t\t\t\t\t<\/div>\n\t\t<\/div>\n\t\t\t\t\t\t\t<\/div>\n\t\t<\/section>\n\t\t\t\t<section class=\"elementor-section elementor-top-section elementor-element elementor-element-8fb9a67 elementor-section-boxed elementor-section-height-default elementor-section-height-default\" data-id=\"8fb9a67\" data-element_type=\"section\">\n\t\t\t\t\t\t<div class=\"elementor-container elementor-column-gap-default\">\n\t\t\t\t\t<div class=\"elementor-column elementor-col-100 elementor-top-column elementor-element elementor-element-b0c550f\" data-id=\"b0c550f\" data-element_type=\"column\">\n\t\t\t<div class=\"elementor-widget-wrap elementor-element-populated\">\n\t\t\t\t\t\t\t\t<div class=\"elementor-element elementor-element-4fca0fe elementor-align-center elementor-widget elementor-widget-button\" data-id=\"4fca0fe\" data-element_type=\"widget\" data-widget_type=\"button.default\">\n\t\t\t\t<div class=\"elementor-widget-container\">\n\t\t\t\t\t<div class=\"elementor-button-wrapper\">\n\t\t\t<a class=\"elementor-button elementor-button-link elementor-size-md\" href=\"https:\/\/www.helloasso.com\/associations\/association-chemins-de-dialogue\/evenements\/replay-conference-yann-vagneux-le-christianisme-a-la-rencontre-de-l-hindouis\" target=\"_blank\">\n\t\t\t\t\t\t<span class=\"elementor-button-content-wrapper\">\n\t\t\t\t\t\t<span class=\"elementor-button-text\">Voir le replay<\/span>\n\t\t<\/span>\n\t\t\t\t\t<\/a>\n\t\t<\/div>\n\t\t\t\t<\/div>\n\t\t\t\t<\/div>\n\t\t\t\t<div class=\"elementor-element elementor-element-cf8f9f8 elementor-widget-divider--view-line elementor-widget elementor-widget-divider\" data-id=\"cf8f9f8\" data-element_type=\"widget\" data-widget_type=\"divider.default\">\n\t\t\t\t<div class=\"elementor-widget-container\">\n\t\t\t\t\t<div class=\"elementor-divider\">\n\t\t\t<span class=\"elementor-divider-separator\">\n\t\t\t\t\t\t<\/span>\n\t\t<\/div>\n\t\t\t\t<\/div>\n\t\t\t\t<\/div>\n\t\t\t\t\t<\/div>\n\t\t<\/div>\n\t\t\t\t\t\t\t<\/div>\n\t\t<\/section>\n\t\t\t\t<section class=\"elementor-section elementor-top-section elementor-element elementor-element-a41c808 elementor-section-boxed elementor-section-height-default elementor-section-height-default\" data-id=\"a41c808\" data-element_type=\"section\">\n\t\t\t\t\t\t<div class=\"elementor-container elementor-column-gap-default\">\n\t\t\t\t\t<div class=\"elementor-column elementor-col-33 elementor-top-column elementor-element elementor-element-67357a1\" data-id=\"67357a1\" data-element_type=\"column\">\n\t\t\t<div class=\"elementor-widget-wrap elementor-element-populated\">\n\t\t\t\t\t\t\t\t<div class=\"elementor-element elementor-element-bff2cd0 elementor-widget elementor-widget-image\" data-id=\"bff2cd0\" data-element_type=\"widget\" data-widget_type=\"image.default\">\n\t\t\t\t<div class=\"elementor-widget-container\">\n\t\t\t\t\t\t\t\t\t\t\t\t\t\t\t\t<a href=\"https:\/\/icm.catholique.fr\/cheminsdedialogue\/wp-content\/uploads\/2022\/08\/Portraits-indiens-Couverture.jpeg\" data-elementor-open-lightbox=\"yes\" data-elementor-lightbox-title=\"Yann Vagneux\" data-e-action-hash=\"#elementor-action%3Aaction%3Dlightbox%26settings%3DeyJpZCI6NjA5OSwidXJsIjoiaHR0cHM6XC9cL2ljbS5jYXRob2xpcXVlLmZyXC9jaGVtaW5zZGVkaWFsb2d1ZVwvd3AtY29udGVudFwvdXBsb2Fkc1wvMjAyMlwvMDhcL1BvcnRyYWl0cy1pbmRpZW5zLUNvdXZlcnR1cmUuanBlZyJ9\">\n\t\t\t\t\t\t\t<img decoding=\"async\" loading=\"lazy\" width=\"666\" height=\"1024\" src=\"https:\/\/icm.catholique.fr\/cheminsdedialogue\/wp-content\/uploads\/2022\/08\/Portraits-indiens-Couverture-666x1024.jpeg\" class=\"attachment-large size-large wp-image-6099\" alt=\"Portrait indiens\" srcset=\"https:\/\/icm.catholique.fr\/cheminsdedialogue\/wp-content\/uploads\/2022\/08\/Portraits-indiens-Couverture-666x1024.jpeg 666w, https:\/\/icm.catholique.fr\/cheminsdedialogue\/wp-content\/uploads\/2022\/08\/Portraits-indiens-Couverture-195x300.jpeg 195w, https:\/\/icm.catholique.fr\/cheminsdedialogue\/wp-content\/uploads\/2022\/08\/Portraits-indiens-Couverture-768x1182.jpeg 768w, https:\/\/icm.catholique.fr\/cheminsdedialogue\/wp-content\/uploads\/2022\/08\/Portraits-indiens-Couverture-998x1536.jpeg 998w, https:\/\/icm.catholique.fr\/cheminsdedialogue\/wp-content\/uploads\/2022\/08\/Portraits-indiens-Couverture.jpeg 1040w\" sizes=\"(max-width: 666px) 100vw, 666px\" \/>\t\t\t\t\t\t\t\t<\/a>\n\t\t\t\t\t\t\t\t\t\t\t\t\t\t\t<\/div>\n\t\t\t\t<\/div>\n\t\t\t\t\t<\/div>\n\t\t<\/div>\n\t\t\t\t<div class=\"elementor-column elementor-col-66 elementor-top-column elementor-element elementor-element-cda966e\" data-id=\"cda966e\" data-element_type=\"column\">\n\t\t\t<div class=\"elementor-widget-wrap elementor-element-populated\">\n\t\t\t\t\t\t\t\t<div class=\"elementor-element elementor-element-48ceadd elementor-widget elementor-widget-text-editor\" data-id=\"48ceadd\" data-element_type=\"widget\" data-widget_type=\"text-editor.default\">\n\t\t\t\t<div class=\"elementor-widget-container\">\n\t\t\t\t\t\t\t<p><span style=\"color: #000000; font-size: 14px;\">L&rsquo;auteur trace le portrait de huit grandes figures dont il se nourrit spirituellement et qui sont embl\u00e9matiques de la rencontre entre le christianisme et l&rsquo;Inde. Au-del\u00e0 d&rsquo;un \u00e9change interculturel passionnant, ces huit figures lui permettent de proposer une m\u00e9ditation sur la communion des saints, la nuit et les confins de l&rsquo;humanit\u00e9. Henri Le Saux tient une place particuli\u00e8re, mais aussi des disciples de ce dernier, Marc Chaduc et s\u0153ur Th\u00e9r\u00e8se, la carm\u00e9lite de Lisieux, ainsi que Vandana Mataji qui continua \u00e0 Rishikesh l&rsquo;inspiration de Le Saux et Prasanna Devi l&rsquo;ermite du Girnar. L&rsquo;auteur \u00e9voque \u00e9galement les grands acteurs de charit\u00e9 qui sont descendus dans les bas-fonds de l&rsquo;humanit\u00e9 : M\u00e8re Teresa, Pierre Ceyrac (duquel l&rsquo;auteur tient sa vocation missionnaire) ainsi que Jean Vanier et les communaut\u00e9s de L&rsquo;Arche en Inde. Huit destins indiens dont certains sont d\u00e9j\u00e0 connus et d&rsquo;autres pas. La pr\u00e9sence de Jean Vanier dans cette galerie de portraits permet de rappeler que, quelles qu&rsquo;aient \u00e9t\u00e9 ses erreurs, il reste une personnalit\u00e9-cl\u00e9 du christianisme contemporain jusqu&rsquo;en Inde. <br \/>D\u00e9j\u00e0 publi\u00e9 en langue anglaise en Inde o\u00f9 il connait un franc succ\u00e8s, ce livre a \u00e9t\u00e9 salu\u00e9 tant par des th\u00e9ologiens que par des personnalit\u00e9s politiques.<\/span><\/p>\t\t\t\t\t\t<\/div>\n\t\t\t\t<\/div>\n\t\t\t\t\t<\/div>\n\t\t<\/div>\n\t\t\t\t\t\t\t<\/div>\n\t\t<\/section>\n\t\t\t\t<section class=\"elementor-section elementor-top-section elementor-element elementor-element-5becd40 elementor-section-boxed elementor-section-height-default elementor-section-height-default\" data-id=\"5becd40\" data-element_type=\"section\">\n\t\t\t\t\t\t<div class=\"elementor-container elementor-column-gap-default\">\n\t\t\t\t\t<div class=\"elementor-column elementor-col-100 elementor-top-column elementor-element elementor-element-bb900fd\" data-id=\"bb900fd\" data-element_type=\"column\">\n\t\t\t<div class=\"elementor-widget-wrap elementor-element-populated\">\n\t\t\t\t\t\t\t\t<div class=\"elementor-element elementor-element-e07b035 elementor-widget elementor-widget-text-editor\" data-id=\"e07b035\" data-element_type=\"widget\" data-widget_type=\"text-editor.default\">\n\t\t\t\t<div class=\"elementor-widget-container\">\n\t\t\t\t\t\t\t<p><span style=\"color: #000000; font-size: 14px;\"><strong><span style=\"text-decoration: underline;\">Auteur<\/span><\/strong> : Yann Vagneux est pr\u00eatre des Missions \u00c9trang\u00e8res de Paris (M.E.P) Arriv\u00e9 en Inde en 1997, il vit depuis dix ans \u00e0 B\u00e9nar\u00e8s, au coeur de l\u2019hindouisme, exp\u00e9rience qu&rsquo;il raconte dans un ouvrage publi\u00e9 en 2018, Pr\u00eatre \u00e0 B\u00e9nar\u00e8s (Lessius). Docteur en th\u00e9ologie, il \u00e9crit une chronique mensuelle sur l&rsquo;Inde dons le journal La Croix et propose r\u00e9guli\u00e8rement une m\u00e9ditation sur la pri\u00e8re dans Magnificat.<\/span><\/p>\t\t\t\t\t\t<\/div>\n\t\t\t\t<\/div>\n\t\t\t\t\t<\/div>\n\t\t<\/div>\n\t\t\t\t\t\t\t<\/div>\n\t\t<\/section>\n\t\t\t\t\t\t\t<\/div>\n\t\t","protected":false},"excerpt":{"rendered":"<p>Chemins de Dialogue vous invite \u00e0 voir ou revoir la conf\u00e9rence de Yann Vagneux :\u00a0 \u00a0 \u00a0le christianisme \u00e0 la rencontre de l&rsquo;hindouisme. Le p\u00e8re<a href=\"https:\/\/icm.catholique.fr\/cheminsdedialogue\/conference-de-yann-vagneux-le-christianisme-a-la-rencontre-de-lhindouisme\/\" class=\"more-link\"><span class=\"screen-reader-text\"> \u00ab\u00a0Conf\u00e9rence de Yann Vagneux : Le christianisme \u00e0 la rencontre de l&rsquo;hindouisme\u00a0\u00bb<\/span><\/a><\/p>\n","protected":false},"author":1,"featured_media":6136,"comment_status":"open","ping_status":"open","sticky":false,"template":"","format":"standard","meta":{"_mi_skip_tracking":false,"footnotes":""},"categories":[16],"tags":[],"yoast_head":"<!-- This site is optimized with the Yoast SEO plugin v21.4 - https:\/\/yoast.com\/wordpress\/plugins\/seo\/ -->\n<title>Conf\u00e9rence de Yann Vagneux : Le christianisme \u00e0 la rencontre de l&#039;hindouisme - Chemins de Dialogue<\/title>\n<meta name=\"description\" content=\"Conf\u00e9rence de Yann Vagneux : le christianisme \u00e0 la rencontre de l&#039;hindouisme organis\u00e9 par Chemins de Dialogue\" \/>\n<meta name=\"robots\" content=\"index, follow, max-snippet:-1, max-image-preview:large, max-video-preview:-1\" \/>\n<link rel=\"canonical\" href=\"https:\/\/icm.catholique.fr\/cheminsdedialogue\/conference-de-yann-vagneux-le-christianisme-a-la-rencontre-de-lhindouisme\/\" \/>\n<meta property=\"og:locale\" content=\"fr_FR\" \/>\n<meta property=\"og:type\" content=\"article\" \/>\n<meta property=\"og:title\" content=\"Conf\u00e9rence de Yann Vagneux : Le christianisme \u00e0 la rencontre de l&#039;hindouisme - Chemins de Dialogue\" \/>\n<meta property=\"og:description\" content=\"Conf\u00e9rence de Yann Vagneux : le christianisme \u00e0 la rencontre de l&#039;hindouisme organis\u00e9 par Chemins de Dialogue\" \/>\n<meta property=\"og:url\" content=\"https:\/\/icm.catholique.fr\/cheminsdedialogue\/conference-de-yann-vagneux-le-christianisme-a-la-rencontre-de-lhindouisme\/\" \/>\n<meta property=\"og:site_name\" content=\"Chemins de Dialogue\" \/>\n<meta property=\"article:published_time\" content=\"2022-08-30T13:15:26+00:00\" \/>\n<meta property=\"article:modified_time\" content=\"2022-11-23T15:19:50+00:00\" \/>\n<meta property=\"og:image\" content=\"https:\/\/icm.catholique.fr\/cheminsdedialogue\/wp-content\/uploads\/2022\/08\/Yann-VAGNEUX-2.jpg\" \/>\n\t<meta property=\"og:image:width\" content=\"1414\" \/>\n\t<meta property=\"og:image:height\" content=\"2000\" \/>\n\t<meta property=\"og:image:type\" content=\"image\/jpeg\" \/>\n<meta name=\"author\" content=\"CDD13\" \/>\n<meta name=\"twitter:card\" content=\"summary_large_image\" \/>\n<meta name=\"twitter:label1\" content=\"\u00c9crit par\" \/>\n\t<meta name=\"twitter:data1\" content=\"CDD13\" \/>\n\t<meta name=\"twitter:label2\" content=\"Dur\u00e9e de lecture estim\u00e9e\" \/>\n\t<meta name=\"twitter:data2\" content=\"2 minutes\" \/>\n<script type=\"application\/ld+json\" class=\"yoast-schema-graph\">{\"@context\":\"https:\/\/schema.org\",\"@graph\":[{\"@type\":\"Article\",\"@id\":\"https:\/\/icm.catholique.fr\/cheminsdedialogue\/conference-de-yann-vagneux-le-christianisme-a-la-rencontre-de-lhindouisme\/#article\",\"isPartOf\":{\"@id\":\"https:\/\/icm.catholique.fr\/cheminsdedialogue\/conference-de-yann-vagneux-le-christianisme-a-la-rencontre-de-lhindouisme\/\"},\"author\":{\"name\":\"CDD13\",\"@id\":\"https:\/\/icm.catholique.fr\/cheminsdedialogue\/#\/schema\/person\/c8c956c7eda0581bfe4fcabb6ddac401\"},\"headline\":\"Conf\u00e9rence de Yann Vagneux : Le christianisme \u00e0 la rencontre de l&rsquo;hindouisme\",\"datePublished\":\"2022-08-30T13:15:26+00:00\",\"dateModified\":\"2022-11-23T15:19:50+00:00\",\"mainEntityOfPage\":{\"@id\":\"https:\/\/icm.catholique.fr\/cheminsdedialogue\/conference-de-yann-vagneux-le-christianisme-a-la-rencontre-de-lhindouisme\/\"},\"wordCount\":383,\"commentCount\":0,\"publisher\":{\"@id\":\"https:\/\/icm.catholique.fr\/cheminsdedialogue\/#organization\"},\"articleSection\":[\"\u00c9v\u00e9nement\"],\"inLanguage\":\"fr-FR\",\"potentialAction\":[{\"@type\":\"CommentAction\",\"name\":\"Comment\",\"target\":[\"https:\/\/icm.catholique.fr\/cheminsdedialogue\/conference-de-yann-vagneux-le-christianisme-a-la-rencontre-de-lhindouisme\/#respond\"]}]},{\"@type\":\"WebPage\",\"@id\":\"https:\/\/icm.catholique.fr\/cheminsdedialogue\/conference-de-yann-vagneux-le-christianisme-a-la-rencontre-de-lhindouisme\/\",\"url\":\"https:\/\/icm.catholique.fr\/cheminsdedialogue\/conference-de-yann-vagneux-le-christianisme-a-la-rencontre-de-lhindouisme\/\",\"name\":\"Conf\u00e9rence de Yann Vagneux : Le christianisme \u00e0 la rencontre de l'hindouisme - Chemins de Dialogue\",\"isPartOf\":{\"@id\":\"https:\/\/icm.catholique.fr\/cheminsdedialogue\/#website\"},\"datePublished\":\"2022-08-30T13:15:26+00:00\",\"dateModified\":\"2022-11-23T15:19:50+00:00\",\"description\":\"Conf\u00e9rence de Yann Vagneux : le christianisme \u00e0 la rencontre de l'hindouisme organis\u00e9 par Chemins de Dialogue\",\"breadcrumb\":{\"@id\":\"https:\/\/icm.catholique.fr\/cheminsdedialogue\/conference-de-yann-vagneux-le-christianisme-a-la-rencontre-de-lhindouisme\/#breadcrumb\"},\"inLanguage\":\"fr-FR\",\"potentialAction\":[{\"@type\":\"ReadAction\",\"target\":[\"https:\/\/icm.catholique.fr\/cheminsdedialogue\/conference-de-yann-vagneux-le-christianisme-a-la-rencontre-de-lhindouisme\/\"]}]},{\"@type\":\"BreadcrumbList\",\"@id\":\"https:\/\/icm.catholique.fr\/cheminsdedialogue\/conference-de-yann-vagneux-le-christianisme-a-la-rencontre-de-lhindouisme\/#breadcrumb\",\"itemListElement\":[{\"@type\":\"ListItem\",\"position\":1,\"name\":\"Accueil\",\"item\":\"https:\/\/icm.catholique.fr\/cheminsdedialogue\/\"},{\"@type\":\"ListItem\",\"position\":2,\"name\":\"Conf\u00e9rence de Yann Vagneux : Le christianisme \u00e0 la rencontre de l&rsquo;hindouisme\"}]},{\"@type\":\"WebSite\",\"@id\":\"https:\/\/icm.catholique.fr\/cheminsdedialogue\/#website\",\"url\":\"https:\/\/icm.catholique.fr\/cheminsdedialogue\/\",\"name\":\"Chemins de Dialogue\",\"description\":\"\",\"publisher\":{\"@id\":\"https:\/\/icm.catholique.fr\/cheminsdedialogue\/#organization\"},\"potentialAction\":[{\"@type\":\"SearchAction\",\"target\":{\"@type\":\"EntryPoint\",\"urlTemplate\":\"https:\/\/icm.catholique.fr\/cheminsdedialogue\/?s={search_term_string}\"},\"query-input\":\"required name=search_term_string\"}],\"inLanguage\":\"fr-FR\"},{\"@type\":\"Organization\",\"@id\":\"https:\/\/icm.catholique.fr\/cheminsdedialogue\/#organization\",\"name\":\"Association Chemins de Dialogue\",\"url\":\"https:\/\/icm.catholique.fr\/cheminsdedialogue\/\",\"logo\":{\"@type\":\"ImageObject\",\"inLanguage\":\"fr-FR\",\"@id\":\"https:\/\/icm.catholique.fr\/cheminsdedialogue\/#\/schema\/logo\/image\/\",\"url\":\"https:\/\/icm.catholique.fr\/cheminsdedialogue\/wp-content\/uploads\/2018\/11\/colombe-2.png\",\"contentUrl\":\"https:\/\/icm.catholique.fr\/cheminsdedialogue\/wp-content\/uploads\/2018\/11\/colombe-2.png\",\"width\":318,\"height\":201,\"caption\":\"Association Chemins de Dialogue\"},\"image\":{\"@id\":\"https:\/\/icm.catholique.fr\/cheminsdedialogue\/#\/schema\/logo\/image\/\"}},{\"@type\":\"Person\",\"@id\":\"https:\/\/icm.catholique.fr\/cheminsdedialogue\/#\/schema\/person\/c8c956c7eda0581bfe4fcabb6ddac401\",\"name\":\"CDD13\",\"image\":{\"@type\":\"ImageObject\",\"inLanguage\":\"fr-FR\",\"@id\":\"https:\/\/icm.catholique.fr\/cheminsdedialogue\/#\/schema\/person\/image\/\",\"url\":\"https:\/\/secure.gravatar.com\/avatar\/e883cf44ac9ef5022cf56056f957bcf0?s=96&d=mm&r=g\",\"contentUrl\":\"https:\/\/secure.gravatar.com\/avatar\/e883cf44ac9ef5022cf56056f957bcf0?s=96&d=mm&r=g\",\"caption\":\"CDD13\"},\"url\":\"https:\/\/icm.catholique.fr\/cheminsdedialogue\/author\/cdd13\/\"}]}<\/script>\n<!-- \/ Yoast SEO plugin. -->","yoast_head_json":{"title":"Conf\u00e9rence de Yann Vagneux : Le christianisme \u00e0 la rencontre de l'hindouisme - Chemins de Dialogue","description":"Conf\u00e9rence de Yann Vagneux : le christianisme \u00e0 la rencontre de l'hindouisme organis\u00e9 par Chemins de Dialogue","robots":{"index":"index","follow":"follow","max-snippet":"max-snippet:-1","max-image-preview":"max-image-preview:large","max-video-preview":"max-video-preview:-1"},"canonical":"https:\/\/icm.catholique.fr\/cheminsdedialogue\/conference-de-yann-vagneux-le-christianisme-a-la-rencontre-de-lhindouisme\/","og_locale":"fr_FR","og_type":"article","og_title":"Conf\u00e9rence de Yann Vagneux : Le christianisme \u00e0 la rencontre de l'hindouisme - Chemins de Dialogue","og_description":"Conf\u00e9rence de Yann Vagneux : le christianisme \u00e0 la rencontre de l'hindouisme organis\u00e9 par Chemins de Dialogue","og_url":"https:\/\/icm.catholique.fr\/cheminsdedialogue\/conference-de-yann-vagneux-le-christianisme-a-la-rencontre-de-lhindouisme\/","og_site_name":"Chemins de Dialogue","article_published_time":"2022-08-30T13:15:26+00:00","article_modified_time":"2022-11-23T15:19:50+00:00","og_image":[{"width":1414,"height":2000,"url":"https:\/\/icm.catholique.fr\/cheminsdedialogue\/wp-content\/uploads\/2022\/08\/Yann-VAGNEUX-2.jpg","type":"image\/jpeg"}],"author":"CDD13","twitter_card":"summary_large_image","twitter_misc":{"\u00c9crit par":"CDD13","Dur\u00e9e de lecture estim\u00e9e":"2 minutes"},"schema":{"@context":"https:\/\/schema.org","@graph":[{"@type":"Article","@id":"https:\/\/icm.catholique.fr\/cheminsdedialogue\/conference-de-yann-vagneux-le-christianisme-a-la-rencontre-de-lhindouisme\/#article","isPartOf":{"@id":"https:\/\/icm.catholique.fr\/cheminsdedialogue\/conference-de-yann-vagneux-le-christianisme-a-la-rencontre-de-lhindouisme\/"},"author":{"name":"CDD13","@id":"https:\/\/icm.catholique.fr\/cheminsdedialogue\/#\/schema\/person\/c8c956c7eda0581bfe4fcabb6ddac401"},"headline":"Conf\u00e9rence de Yann Vagneux : Le christianisme \u00e0 la rencontre de l&rsquo;hindouisme","datePublished":"2022-08-30T13:15:26+00:00","dateModified":"2022-11-23T15:19:50+00:00","mainEntityOfPage":{"@id":"https:\/\/icm.catholique.fr\/cheminsdedialogue\/conference-de-yann-vagneux-le-christianisme-a-la-rencontre-de-lhindouisme\/"},"wordCount":383,"commentCount":0,"publisher":{"@id":"https:\/\/icm.catholique.fr\/cheminsdedialogue\/#organization"},"articleSection":["\u00c9v\u00e9nement"],"inLanguage":"fr-FR","potentialAction":[{"@type":"CommentAction","name":"Comment","target":["https:\/\/icm.catholique.fr\/cheminsdedialogue\/conference-de-yann-vagneux-le-christianisme-a-la-rencontre-de-lhindouisme\/#respond"]}]},{"@type":"WebPage","@id":"https:\/\/icm.catholique.fr\/cheminsdedialogue\/conference-de-yann-vagneux-le-christianisme-a-la-rencontre-de-lhindouisme\/","url":"https:\/\/icm.catholique.fr\/cheminsdedialogue\/conference-de-yann-vagneux-le-christianisme-a-la-rencontre-de-lhindouisme\/","name":"Conf\u00e9rence de Yann Vagneux : Le christianisme \u00e0 la rencontre de l'hindouisme - Chemins de Dialogue","isPartOf":{"@id":"https:\/\/icm.catholique.fr\/cheminsdedialogue\/#website"},"datePublished":"2022-08-30T13:15:26+00:00","dateModified":"2022-11-23T15:19:50+00:00","description":"Conf\u00e9rence de Yann Vagneux : le christianisme \u00e0 la rencontre de l'hindouisme organis\u00e9 par Chemins de Dialogue","breadcrumb":{"@id":"https:\/\/icm.catholique.fr\/cheminsdedialogue\/conference-de-yann-vagneux-le-christianisme-a-la-rencontre-de-lhindouisme\/#breadcrumb"},"inLanguage":"fr-FR","potentialAction":[{"@type":"ReadAction","target":["https:\/\/icm.catholique.fr\/cheminsdedialogue\/conference-de-yann-vagneux-le-christianisme-a-la-rencontre-de-lhindouisme\/"]}]},{"@type":"BreadcrumbList","@id":"https:\/\/icm.catholique.fr\/cheminsdedialogue\/conference-de-yann-vagneux-le-christianisme-a-la-rencontre-de-lhindouisme\/#breadcrumb","itemListElement":[{"@type":"ListItem","position":1,"name":"Accueil","item":"https:\/\/icm.catholique.fr\/cheminsdedialogue\/"},{"@type":"ListItem","position":2,"name":"Conf\u00e9rence de Yann Vagneux : Le christianisme \u00e0 la rencontre de l&rsquo;hindouisme"}]},{"@type":"WebSite","@id":"https:\/\/icm.catholique.fr\/cheminsdedialogue\/#website","url":"https:\/\/icm.catholique.fr\/cheminsdedialogue\/","name":"Chemins de Dialogue","description":"","publisher":{"@id":"https:\/\/icm.catholique.fr\/cheminsdedialogue\/#organization"},"potentialAction":[{"@type":"SearchAction","target":{"@type":"EntryPoint","urlTemplate":"https:\/\/icm.catholique.fr\/cheminsdedialogue\/?s={search_term_string}"},"query-input":"required name=search_term_string"}],"inLanguage":"fr-FR"},{"@type":"Organization","@id":"https:\/\/icm.catholique.fr\/cheminsdedialogue\/#organization","name":"Association Chemins de Dialogue","url":"https:\/\/icm.catholique.fr\/cheminsdedialogue\/","logo":{"@type":"ImageObject","inLanguage":"fr-FR","@id":"https:\/\/icm.catholique.fr\/cheminsdedialogue\/#\/schema\/logo\/image\/","url":"https:\/\/icm.catholique.fr\/cheminsdedialogue\/wp-content\/uploads\/2018\/11\/colombe-2.png","contentUrl":"https:\/\/icm.catholique.fr\/cheminsdedialogue\/wp-content\/uploads\/2018\/11\/colombe-2.png","width":318,"height":201,"caption":"Association Chemins de Dialogue"},"image":{"@id":"https:\/\/icm.catholique.fr\/cheminsdedialogue\/#\/schema\/logo\/image\/"}},{"@type":"Person","@id":"https:\/\/icm.catholique.fr\/cheminsdedialogue\/#\/schema\/person\/c8c956c7eda0581bfe4fcabb6ddac401","name":"CDD13","image":{"@type":"ImageObject","inLanguage":"fr-FR","@id":"https:\/\/icm.catholique.fr\/cheminsdedialogue\/#\/schema\/person\/image\/","url":"https:\/\/secure.gravatar.com\/avatar\/e883cf44ac9ef5022cf56056f957bcf0?s=96&d=mm&r=g","contentUrl":"https:\/\/secure.gravatar.com\/avatar\/e883cf44ac9ef5022cf56056f957bcf0?s=96&d=mm&r=g","caption":"CDD13"},"url":"https:\/\/icm.catholique.fr\/cheminsdedialogue\/author\/cdd13\/"}]}},"_links":{"self":[{"href":"https:\/\/icm.catholique.fr\/cheminsdedialogue\/wp-json\/wp\/v2\/posts\/6090"}],"collection":[{"href":"https:\/\/icm.catholique.fr\/cheminsdedialogue\/wp-json\/wp\/v2\/posts"}],"about":[{"href":"https:\/\/icm.catholique.fr\/cheminsdedialogue\/wp-json\/wp\/v2\/types\/post"}],"author":[{"embeddable":true,"href":"https:\/\/icm.catholique.fr\/cheminsdedialogue\/wp-json\/wp\/v2\/users\/1"}],"replies":[{"embeddable":true,"href":"https:\/\/icm.catholique.fr\/cheminsdedialogue\/wp-json\/wp\/v2\/comments?post=6090"}],"version-history":[{"count":48,"href":"https:\/\/icm.catholique.fr\/cheminsdedialogue\/wp-json\/wp\/v2\/posts\/6090\/revisions"}],"predecessor-version":[{"id":6199,"href":"https:\/\/icm.catholique.fr\/cheminsdedialogue\/wp-json\/wp\/v2\/posts\/6090\/revisions\/6199"}],"wp:featuredmedia":[{"embeddable":true,"href":"https:\/\/icm.catholique.fr\/cheminsdedialogue\/wp-json\/wp\/v2\/media\/6136"}],"wp:attachment":[{"href":"https:\/\/icm.catholique.fr\/cheminsdedialogue\/wp-json\/wp\/v2\/media?parent=6090"}],"wp:term":[{"taxonomy":"category","embeddable":true,"href":"https:\/\/icm.catholique.fr\/cheminsdedialogue\/wp-json\/wp\/v2\/categories?post=6090"},{"taxonomy":"post_tag","embeddable":true,"href":"https:\/\/icm.catholique.fr\/cheminsdedialogue\/wp-json\/wp\/v2\/tags?post=6090"}],"curies":[{"name":"wp","href":"https:\/\/api.w.org\/{rel}","templated":true}]}}