{"id":6082,"date":"2022-08-29T11:02:59","date_gmt":"2022-08-29T09:02:59","guid":{"rendered":"https:\/\/icm.catholique.fr\/cheminsdedialogue\/?p=6082"},"modified":"2025-07-03T09:33:53","modified_gmt":"2025-07-03T07:33:53","slug":"le-dialogue-interreligieux-une-perspective-chretienne-dennis-gira","status":"publish","type":"post","link":"https:\/\/icm.catholique.fr\/cheminsdedialogue\/le-dialogue-interreligieux-une-perspective-chretienne-dennis-gira\/","title":{"rendered":"Le dialogue interreligieux : une perspective chr\u00e9tienne &#8211; Dennis Gira"},"content":{"rendered":"\t\t<div data-elementor-type=\"wp-post\" data-elementor-id=\"6082\" class=\"elementor elementor-6082\">\n\t\t\t\t\t\t\t\t\t<section class=\"elementor-section elementor-top-section elementor-element elementor-element-625b302 elementor-section-boxed elementor-section-height-default elementor-section-height-default\" data-id=\"625b302\" data-element_type=\"section\">\n\t\t\t\t\t\t<div class=\"elementor-container elementor-column-gap-default\">\n\t\t\t\t\t<div class=\"elementor-column elementor-col-33 elementor-top-column elementor-element elementor-element-30fe60d\" data-id=\"30fe60d\" data-element_type=\"column\">\n\t\t\t<div class=\"elementor-widget-wrap elementor-element-populated\">\n\t\t\t\t\t\t\t\t<div class=\"elementor-element elementor-element-3dfeef9 elementor-widget elementor-widget-image\" data-id=\"3dfeef9\" data-element_type=\"widget\" data-widget_type=\"image.default\">\n\t\t\t\t<div class=\"elementor-widget-container\">\n\t\t\t\t\t\t\t\t\t\t\t\t\t\t\t<img decoding=\"async\" loading=\"lazy\" width=\"716\" height=\"970\" src=\"https:\/\/icm.catholique.fr\/cheminsdedialogue\/wp-content\/uploads\/2022\/08\/Couv-1.png\" class=\"attachment-large size-large wp-image-7094\" alt=\"\" srcset=\"https:\/\/icm.catholique.fr\/cheminsdedialogue\/wp-content\/uploads\/2022\/08\/Couv-1.png 716w, https:\/\/icm.catholique.fr\/cheminsdedialogue\/wp-content\/uploads\/2022\/08\/Couv-1-221x300.png 221w\" sizes=\"(max-width: 716px) 100vw, 716px\" \/>\t\t\t\t\t\t\t\t\t\t\t\t\t\t\t<\/div>\n\t\t\t\t<\/div>\n\t\t\t\t\t<\/div>\n\t\t<\/div>\n\t\t\t\t<div class=\"elementor-column elementor-col-66 elementor-top-column elementor-element elementor-element-6457c15\" data-id=\"6457c15\" data-element_type=\"column\">\n\t\t\t<div class=\"elementor-widget-wrap elementor-element-populated\">\n\t\t\t\t\t\t\t\t<div class=\"elementor-element elementor-element-7ea165a elementor-widget elementor-widget-text-editor\" data-id=\"7ea165a\" data-element_type=\"widget\" data-widget_type=\"text-editor.default\">\n\t\t\t\t<div class=\"elementor-widget-container\">\n\t\t\t\t\t\t\t<p class=\"p1\"><span style=\"color: #000000; font-family: arial, helvetica, sans-serif; font-size: 14px;\">L\u2019objectif de ce livre est de donner des r\u00e9ponses aux questions qui sont pos\u00e9es par des chr\u00e9tiens \u2013 non seulement par ceux qui critiquent s\u00e9v\u00e8rement le dialogue et ceux qui n\u2019en voient simplement pas l\u2019int\u00e9r\u00eat, mais aussi par ceux qui le pratiquent mais qui ne savent pas comment r\u00e9pondre aux questions que les autres leur posent (ou qu\u2019ils se posent \u00e0 eux-m\u00eames) sur leur engagement. La r\u00e9ponse \u00e0 chaque question voudrait \u00eatre \u00e0 la fois coh\u00e9rente avec la foi chr\u00e9tienne et respectueuse des traditions qui font vivre ceux avec qui nous souhaitons entrer en dialogue, quelles qu\u2019elles soient. Chacun des dix chapitres pr\u00e9sente un th\u00e8me qui offrira des pistes de r\u00e9ponse aux questions qu\u2019il porte, et dont la principale sera mise en exergue.<\/span><\/p><p class=\"p1\"><span style=\"color: #000000; font-size: 14px;\">Dennis Gira, Am\u00e9ricain, s\u2019est rendu au Japon en 1969 o\u00f9 il a \u00e9tudi\u00e9 le japonais et le bouddhisme pendant huit ans. Il s&rsquo;est install\u00e9 avec sa famille \u00e0 Paris en 1977. L\u00e0, il a continu\u00e9 sa recherche sur le bouddhisme avant d&rsquo;enseigner \u00e0 l\u2019Institut de science et de th\u00e9ologie des religions (Institut catholique de Paris) dont il a \u00e9t\u00e9 directeur adjoint pendant une vingtaine d&rsquo;ann\u00e9es.<\/span><\/p><p><span style=\"font-family: arial, helvetica, sans-serif; font-size: 14px;\">____________________________<\/span><\/p><p><em><span style=\"font-family: arial, helvetica, sans-serif; font-size: 14px;\">Publi\u00e9 en septembre 2022<\/span><\/em><\/p><p><em><span style=\"font-family: arial, helvetica, sans-serif; font-size: 14px;\">253 pages &#8211; 15 x 20 cm &#8211; 18\u20ac<\/span><\/em><\/p><p>\u00a0<\/p>\t\t\t\t\t\t<\/div>\n\t\t\t\t<\/div>\n\t\t\t\t\t<\/div>\n\t\t<\/div>\n\t\t\t\t\t\t\t<\/div>\n\t\t<\/section>\n\t\t\t\t<section class=\"elementor-section elementor-top-section elementor-element elementor-element-3781d96 elementor-section-boxed elementor-section-height-default elementor-section-height-default\" data-id=\"3781d96\" data-element_type=\"section\">\n\t\t\t\t\t\t<div class=\"elementor-container elementor-column-gap-default\">\n\t\t\t\t\t<div class=\"elementor-column elementor-col-100 elementor-top-column elementor-element elementor-element-1212397\" data-id=\"1212397\" data-element_type=\"column\">\n\t\t\t<div class=\"elementor-widget-wrap elementor-element-populated\">\n\t\t\t\t\t\t\t\t<div class=\"elementor-element elementor-element-e0482cd elementor-align-center elementor-widget elementor-widget-button\" data-id=\"e0482cd\" data-element_type=\"widget\" data-widget_type=\"button.default\">\n\t\t\t\t<div class=\"elementor-widget-container\">\n\t\t\t\t\t<div class=\"elementor-button-wrapper\">\n\t\t\t<a class=\"elementor-button elementor-button-link elementor-size-md\" href=\"https:\/\/www.helloasso.com\/associations\/association-chemins-de-dialogue\/evenements\/dialogue-interreligieux-une-perspective-chretienne-dennis-gira\" target=\"_blank\">\n\t\t\t\t\t\t<span class=\"elementor-button-content-wrapper\">\n\t\t\t\t\t\t<span class=\"elementor-button-text\">Acheter le livre<\/span>\n\t\t<\/span>\n\t\t\t\t\t<\/a>\n\t\t<\/div>\n\t\t\t\t<\/div>\n\t\t\t\t<\/div>\n\t\t\t\t\t<\/div>\n\t\t<\/div>\n\t\t\t\t\t\t\t<\/div>\n\t\t<\/section>\n\t\t\t\t\t\t\t<\/div>\n\t\t","protected":false},"excerpt":{"rendered":"<p>L\u2019objectif de ce livre est de donner des r\u00e9ponses aux questions qui sont pos\u00e9es par des chr\u00e9tiens \u2013 non seulement par ceux qui critiquent s\u00e9v\u00e8rement<a href=\"https:\/\/icm.catholique.fr\/cheminsdedialogue\/le-dialogue-interreligieux-une-perspective-chretienne-dennis-gira\/\" class=\"more-link\"><span class=\"screen-reader-text\"> \u00ab\u00a0Le dialogue interreligieux : une perspective chr\u00e9tienne &#8211; Dennis Gira\u00a0\u00bb<\/span><\/a><\/p>\n","protected":false},"author":1,"featured_media":6083,"comment_status":"open","ping_status":"open","sticky":false,"template":"","format":"standard","meta":{"_mi_skip_tracking":false,"footnotes":""},"categories":[3],"tags":[],"yoast_head":"<!-- This site is optimized with the Yoast SEO plugin v21.4 - https:\/\/yoast.com\/wordpress\/plugins\/seo\/ -->\n<title>Le dialogue interreligieux : une perspective chr\u00e9tienne - Dennis Gira - Chemins de Dialogue<\/title>\n<meta name=\"robots\" content=\"index, follow, max-snippet:-1, max-image-preview:large, max-video-preview:-1\" \/>\n<link rel=\"canonical\" href=\"https:\/\/icm.catholique.fr\/cheminsdedialogue\/le-dialogue-interreligieux-une-perspective-chretienne-dennis-gira\/\" \/>\n<meta property=\"og:locale\" content=\"fr_FR\" \/>\n<meta property=\"og:type\" content=\"article\" \/>\n<meta property=\"og:title\" content=\"Le dialogue interreligieux : une perspective chr\u00e9tienne - Dennis Gira - Chemins de Dialogue\" \/>\n<meta property=\"og:description\" content=\"L\u2019objectif de ce livre est de donner des r\u00e9ponses aux questions qui sont pos\u00e9es par des chr\u00e9tiens \u2013 non seulement par ceux qui critiquent s\u00e9v\u00e8rement &quot;Le dialogue interreligieux : une perspective chr\u00e9tienne &#8211; Dennis Gira&quot;\" \/>\n<meta property=\"og:url\" content=\"https:\/\/icm.catholique.fr\/cheminsdedialogue\/le-dialogue-interreligieux-une-perspective-chretienne-dennis-gira\/\" \/>\n<meta property=\"og:site_name\" content=\"Chemins de Dialogue\" \/>\n<meta property=\"article:published_time\" content=\"2022-08-29T09:02:59+00:00\" \/>\n<meta property=\"article:modified_time\" content=\"2025-07-03T07:33:53+00:00\" \/>\n<meta property=\"og:image\" content=\"https:\/\/icm.catholique.fr\/cheminsdedialogue\/wp-content\/uploads\/2022\/08\/Couv.png\" \/>\n\t<meta property=\"og:image:width\" content=\"716\" \/>\n\t<meta property=\"og:image:height\" content=\"970\" \/>\n\t<meta property=\"og:image:type\" content=\"image\/png\" \/>\n<meta name=\"author\" content=\"CDD13\" \/>\n<meta name=\"twitter:card\" content=\"summary_large_image\" \/>\n<meta name=\"twitter:label1\" content=\"\u00c9crit par\" \/>\n\t<meta name=\"twitter:data1\" content=\"CDD13\" \/>\n\t<meta name=\"twitter:label2\" content=\"Dur\u00e9e de lecture estim\u00e9e\" \/>\n\t<meta name=\"twitter:data2\" content=\"2 minutes\" \/>\n<script type=\"application\/ld+json\" class=\"yoast-schema-graph\">{\"@context\":\"https:\/\/schema.org\",\"@graph\":[{\"@type\":\"Article\",\"@id\":\"https:\/\/icm.catholique.fr\/cheminsdedialogue\/le-dialogue-interreligieux-une-perspective-chretienne-dennis-gira\/#article\",\"isPartOf\":{\"@id\":\"https:\/\/icm.catholique.fr\/cheminsdedialogue\/le-dialogue-interreligieux-une-perspective-chretienne-dennis-gira\/\"},\"author\":{\"name\":\"CDD13\",\"@id\":\"https:\/\/icm.catholique.fr\/cheminsdedialogue\/#\/schema\/person\/c8c956c7eda0581bfe4fcabb6ddac401\"},\"headline\":\"Le dialogue interreligieux : une perspective chr\u00e9tienne &#8211; Dennis Gira\",\"datePublished\":\"2022-08-29T09:02:59+00:00\",\"dateModified\":\"2025-07-03T07:33:53+00:00\",\"mainEntityOfPage\":{\"@id\":\"https:\/\/icm.catholique.fr\/cheminsdedialogue\/le-dialogue-interreligieux-une-perspective-chretienne-dennis-gira\/\"},\"wordCount\":227,\"commentCount\":0,\"publisher\":{\"@id\":\"https:\/\/icm.catholique.fr\/cheminsdedialogue\/#organization\"},\"articleSection\":[\"Publications\"],\"inLanguage\":\"fr-FR\",\"potentialAction\":[{\"@type\":\"CommentAction\",\"name\":\"Comment\",\"target\":[\"https:\/\/icm.catholique.fr\/cheminsdedialogue\/le-dialogue-interreligieux-une-perspective-chretienne-dennis-gira\/#respond\"]}]},{\"@type\":\"WebPage\",\"@id\":\"https:\/\/icm.catholique.fr\/cheminsdedialogue\/le-dialogue-interreligieux-une-perspective-chretienne-dennis-gira\/\",\"url\":\"https:\/\/icm.catholique.fr\/cheminsdedialogue\/le-dialogue-interreligieux-une-perspective-chretienne-dennis-gira\/\",\"name\":\"Le dialogue interreligieux : une perspective chr\u00e9tienne - Dennis Gira - Chemins de Dialogue\",\"isPartOf\":{\"@id\":\"https:\/\/icm.catholique.fr\/cheminsdedialogue\/#website\"},\"datePublished\":\"2022-08-29T09:02:59+00:00\",\"dateModified\":\"2025-07-03T07:33:53+00:00\",\"breadcrumb\":{\"@id\":\"https:\/\/icm.catholique.fr\/cheminsdedialogue\/le-dialogue-interreligieux-une-perspective-chretienne-dennis-gira\/#breadcrumb\"},\"inLanguage\":\"fr-FR\",\"potentialAction\":[{\"@type\":\"ReadAction\",\"target\":[\"https:\/\/icm.catholique.fr\/cheminsdedialogue\/le-dialogue-interreligieux-une-perspective-chretienne-dennis-gira\/\"]}]},{\"@type\":\"BreadcrumbList\",\"@id\":\"https:\/\/icm.catholique.fr\/cheminsdedialogue\/le-dialogue-interreligieux-une-perspective-chretienne-dennis-gira\/#breadcrumb\",\"itemListElement\":[{\"@type\":\"ListItem\",\"position\":1,\"name\":\"Accueil\",\"item\":\"https:\/\/icm.catholique.fr\/cheminsdedialogue\/\"},{\"@type\":\"ListItem\",\"position\":2,\"name\":\"Le dialogue interreligieux : une perspective chr\u00e9tienne &#8211; Dennis Gira\"}]},{\"@type\":\"WebSite\",\"@id\":\"https:\/\/icm.catholique.fr\/cheminsdedialogue\/#website\",\"url\":\"https:\/\/icm.catholique.fr\/cheminsdedialogue\/\",\"name\":\"Chemins de Dialogue\",\"description\":\"\",\"publisher\":{\"@id\":\"https:\/\/icm.catholique.fr\/cheminsdedialogue\/#organization\"},\"potentialAction\":[{\"@type\":\"SearchAction\",\"target\":{\"@type\":\"EntryPoint\",\"urlTemplate\":\"https:\/\/icm.catholique.fr\/cheminsdedialogue\/?s={search_term_string}\"},\"query-input\":\"required name=search_term_string\"}],\"inLanguage\":\"fr-FR\"},{\"@type\":\"Organization\",\"@id\":\"https:\/\/icm.catholique.fr\/cheminsdedialogue\/#organization\",\"name\":\"Association Chemins de Dialogue\",\"url\":\"https:\/\/icm.catholique.fr\/cheminsdedialogue\/\",\"logo\":{\"@type\":\"ImageObject\",\"inLanguage\":\"fr-FR\",\"@id\":\"https:\/\/icm.catholique.fr\/cheminsdedialogue\/#\/schema\/logo\/image\/\",\"url\":\"https:\/\/icm.catholique.fr\/cheminsdedialogue\/wp-content\/uploads\/2018\/11\/colombe-2.png\",\"contentUrl\":\"https:\/\/icm.catholique.fr\/cheminsdedialogue\/wp-content\/uploads\/2018\/11\/colombe-2.png\",\"width\":318,\"height\":201,\"caption\":\"Association Chemins de Dialogue\"},\"image\":{\"@id\":\"https:\/\/icm.catholique.fr\/cheminsdedialogue\/#\/schema\/logo\/image\/\"}},{\"@type\":\"Person\",\"@id\":\"https:\/\/icm.catholique.fr\/cheminsdedialogue\/#\/schema\/person\/c8c956c7eda0581bfe4fcabb6ddac401\",\"name\":\"CDD13\",\"image\":{\"@type\":\"ImageObject\",\"inLanguage\":\"fr-FR\",\"@id\":\"https:\/\/icm.catholique.fr\/cheminsdedialogue\/#\/schema\/person\/image\/\",\"url\":\"https:\/\/secure.gravatar.com\/avatar\/e883cf44ac9ef5022cf56056f957bcf0?s=96&d=mm&r=g\",\"contentUrl\":\"https:\/\/secure.gravatar.com\/avatar\/e883cf44ac9ef5022cf56056f957bcf0?s=96&d=mm&r=g\",\"caption\":\"CDD13\"},\"url\":\"https:\/\/icm.catholique.fr\/cheminsdedialogue\/author\/cdd13\/\"}]}<\/script>\n<!-- \/ Yoast SEO plugin. -->","yoast_head_json":{"title":"Le dialogue interreligieux : une perspective chr\u00e9tienne - Dennis Gira - Chemins de Dialogue","robots":{"index":"index","follow":"follow","max-snippet":"max-snippet:-1","max-image-preview":"max-image-preview:large","max-video-preview":"max-video-preview:-1"},"canonical":"https:\/\/icm.catholique.fr\/cheminsdedialogue\/le-dialogue-interreligieux-une-perspective-chretienne-dennis-gira\/","og_locale":"fr_FR","og_type":"article","og_title":"Le dialogue interreligieux : une perspective chr\u00e9tienne - Dennis Gira - Chemins de Dialogue","og_description":"L\u2019objectif de ce livre est de donner des r\u00e9ponses aux questions qui sont pos\u00e9es par des chr\u00e9tiens \u2013 non seulement par ceux qui critiquent s\u00e9v\u00e8rement \"Le dialogue interreligieux : une perspective chr\u00e9tienne &#8211; Dennis Gira\"","og_url":"https:\/\/icm.catholique.fr\/cheminsdedialogue\/le-dialogue-interreligieux-une-perspective-chretienne-dennis-gira\/","og_site_name":"Chemins de Dialogue","article_published_time":"2022-08-29T09:02:59+00:00","article_modified_time":"2025-07-03T07:33:53+00:00","og_image":[{"width":716,"height":970,"url":"https:\/\/icm.catholique.fr\/cheminsdedialogue\/wp-content\/uploads\/2022\/08\/Couv.png","type":"image\/png"}],"author":"CDD13","twitter_card":"summary_large_image","twitter_misc":{"\u00c9crit par":"CDD13","Dur\u00e9e de lecture estim\u00e9e":"2 minutes"},"schema":{"@context":"https:\/\/schema.org","@graph":[{"@type":"Article","@id":"https:\/\/icm.catholique.fr\/cheminsdedialogue\/le-dialogue-interreligieux-une-perspective-chretienne-dennis-gira\/#article","isPartOf":{"@id":"https:\/\/icm.catholique.fr\/cheminsdedialogue\/le-dialogue-interreligieux-une-perspective-chretienne-dennis-gira\/"},"author":{"name":"CDD13","@id":"https:\/\/icm.catholique.fr\/cheminsdedialogue\/#\/schema\/person\/c8c956c7eda0581bfe4fcabb6ddac401"},"headline":"Le dialogue interreligieux : une perspective chr\u00e9tienne &#8211; Dennis Gira","datePublished":"2022-08-29T09:02:59+00:00","dateModified":"2025-07-03T07:33:53+00:00","mainEntityOfPage":{"@id":"https:\/\/icm.catholique.fr\/cheminsdedialogue\/le-dialogue-interreligieux-une-perspective-chretienne-dennis-gira\/"},"wordCount":227,"commentCount":0,"publisher":{"@id":"https:\/\/icm.catholique.fr\/cheminsdedialogue\/#organization"},"articleSection":["Publications"],"inLanguage":"fr-FR","potentialAction":[{"@type":"CommentAction","name":"Comment","target":["https:\/\/icm.catholique.fr\/cheminsdedialogue\/le-dialogue-interreligieux-une-perspective-chretienne-dennis-gira\/#respond"]}]},{"@type":"WebPage","@id":"https:\/\/icm.catholique.fr\/cheminsdedialogue\/le-dialogue-interreligieux-une-perspective-chretienne-dennis-gira\/","url":"https:\/\/icm.catholique.fr\/cheminsdedialogue\/le-dialogue-interreligieux-une-perspective-chretienne-dennis-gira\/","name":"Le dialogue interreligieux : une perspective chr\u00e9tienne - Dennis Gira - Chemins de Dialogue","isPartOf":{"@id":"https:\/\/icm.catholique.fr\/cheminsdedialogue\/#website"},"datePublished":"2022-08-29T09:02:59+00:00","dateModified":"2025-07-03T07:33:53+00:00","breadcrumb":{"@id":"https:\/\/icm.catholique.fr\/cheminsdedialogue\/le-dialogue-interreligieux-une-perspective-chretienne-dennis-gira\/#breadcrumb"},"inLanguage":"fr-FR","potentialAction":[{"@type":"ReadAction","target":["https:\/\/icm.catholique.fr\/cheminsdedialogue\/le-dialogue-interreligieux-une-perspective-chretienne-dennis-gira\/"]}]},{"@type":"BreadcrumbList","@id":"https:\/\/icm.catholique.fr\/cheminsdedialogue\/le-dialogue-interreligieux-une-perspective-chretienne-dennis-gira\/#breadcrumb","itemListElement":[{"@type":"ListItem","position":1,"name":"Accueil","item":"https:\/\/icm.catholique.fr\/cheminsdedialogue\/"},{"@type":"ListItem","position":2,"name":"Le dialogue interreligieux : une perspective chr\u00e9tienne &#8211; Dennis Gira"}]},{"@type":"WebSite","@id":"https:\/\/icm.catholique.fr\/cheminsdedialogue\/#website","url":"https:\/\/icm.catholique.fr\/cheminsdedialogue\/","name":"Chemins de Dialogue","description":"","publisher":{"@id":"https:\/\/icm.catholique.fr\/cheminsdedialogue\/#organization"},"potentialAction":[{"@type":"SearchAction","target":{"@type":"EntryPoint","urlTemplate":"https:\/\/icm.catholique.fr\/cheminsdedialogue\/?s={search_term_string}"},"query-input":"required name=search_term_string"}],"inLanguage":"fr-FR"},{"@type":"Organization","@id":"https:\/\/icm.catholique.fr\/cheminsdedialogue\/#organization","name":"Association Chemins de Dialogue","url":"https:\/\/icm.catholique.fr\/cheminsdedialogue\/","logo":{"@type":"ImageObject","inLanguage":"fr-FR","@id":"https:\/\/icm.catholique.fr\/cheminsdedialogue\/#\/schema\/logo\/image\/","url":"https:\/\/icm.catholique.fr\/cheminsdedialogue\/wp-content\/uploads\/2018\/11\/colombe-2.png","contentUrl":"https:\/\/icm.catholique.fr\/cheminsdedialogue\/wp-content\/uploads\/2018\/11\/colombe-2.png","width":318,"height":201,"caption":"Association Chemins de Dialogue"},"image":{"@id":"https:\/\/icm.catholique.fr\/cheminsdedialogue\/#\/schema\/logo\/image\/"}},{"@type":"Person","@id":"https:\/\/icm.catholique.fr\/cheminsdedialogue\/#\/schema\/person\/c8c956c7eda0581bfe4fcabb6ddac401","name":"CDD13","image":{"@type":"ImageObject","inLanguage":"fr-FR","@id":"https:\/\/icm.catholique.fr\/cheminsdedialogue\/#\/schema\/person\/image\/","url":"https:\/\/secure.gravatar.com\/avatar\/e883cf44ac9ef5022cf56056f957bcf0?s=96&d=mm&r=g","contentUrl":"https:\/\/secure.gravatar.com\/avatar\/e883cf44ac9ef5022cf56056f957bcf0?s=96&d=mm&r=g","caption":"CDD13"},"url":"https:\/\/icm.catholique.fr\/cheminsdedialogue\/author\/cdd13\/"}]}},"_links":{"self":[{"href":"https:\/\/icm.catholique.fr\/cheminsdedialogue\/wp-json\/wp\/v2\/posts\/6082"}],"collection":[{"href":"https:\/\/icm.catholique.fr\/cheminsdedialogue\/wp-json\/wp\/v2\/posts"}],"about":[{"href":"https:\/\/icm.catholique.fr\/cheminsdedialogue\/wp-json\/wp\/v2\/types\/post"}],"author":[{"embeddable":true,"href":"https:\/\/icm.catholique.fr\/cheminsdedialogue\/wp-json\/wp\/v2\/users\/1"}],"replies":[{"embeddable":true,"href":"https:\/\/icm.catholique.fr\/cheminsdedialogue\/wp-json\/wp\/v2\/comments?post=6082"}],"version-history":[{"count":19,"href":"https:\/\/icm.catholique.fr\/cheminsdedialogue\/wp-json\/wp\/v2\/posts\/6082\/revisions"}],"predecessor-version":[{"id":7103,"href":"https:\/\/icm.catholique.fr\/cheminsdedialogue\/wp-json\/wp\/v2\/posts\/6082\/revisions\/7103"}],"wp:featuredmedia":[{"embeddable":true,"href":"https:\/\/icm.catholique.fr\/cheminsdedialogue\/wp-json\/wp\/v2\/media\/6083"}],"wp:attachment":[{"href":"https:\/\/icm.catholique.fr\/cheminsdedialogue\/wp-json\/wp\/v2\/media?parent=6082"}],"wp:term":[{"taxonomy":"category","embeddable":true,"href":"https:\/\/icm.catholique.fr\/cheminsdedialogue\/wp-json\/wp\/v2\/categories?post=6082"},{"taxonomy":"post_tag","embeddable":true,"href":"https:\/\/icm.catholique.fr\/cheminsdedialogue\/wp-json\/wp\/v2\/tags?post=6082"}],"curies":[{"name":"wp","href":"https:\/\/api.w.org\/{rel}","templated":true}]}}