{"id":4795,"date":"2020-12-07T10:24:15","date_gmt":"2020-12-07T09:24:15","guid":{"rendered":"https:\/\/icm.catholique.fr\/cheminsdedialogue\/?p=4795"},"modified":"2021-06-29T13:00:48","modified_gmt":"2021-06-29T11:00:48","slug":"cahier-n9-le-mal","status":"publish","type":"post","link":"https:\/\/icm.catholique.fr\/cheminsdedialogue\/cahier-n9-le-mal\/","title":{"rendered":"Cahier n\u00b09 : Le mal"},"content":{"rendered":"\t\t<div data-elementor-type=\"wp-post\" data-elementor-id=\"4795\" class=\"elementor elementor-4795\">\n\t\t\t\t\t\t\t\t\t<section class=\"elementor-section elementor-top-section elementor-element elementor-element-73a4dcb elementor-section-boxed elementor-section-height-default elementor-section-height-default\" data-id=\"73a4dcb\" data-element_type=\"section\">\n\t\t\t\t\t\t<div class=\"elementor-container elementor-column-gap-default\">\n\t\t\t\t\t<div class=\"elementor-column elementor-col-33 elementor-top-column elementor-element elementor-element-57c9cf7\" data-id=\"57c9cf7\" data-element_type=\"column\">\n\t\t\t<div class=\"elementor-widget-wrap elementor-element-populated\">\n\t\t\t\t\t\t\t\t<div class=\"elementor-element elementor-element-4971d8a elementor-widget elementor-widget-image\" data-id=\"4971d8a\" data-element_type=\"widget\" data-widget_type=\"image.default\">\n\t\t\t\t<div class=\"elementor-widget-container\">\n\t\t\t\t\t\t\t\t\t\t\t\t<figure class=\"wp-caption\">\n\t\t\t\t\t\t\t\t\t\t<img decoding=\"async\" loading=\"lazy\" width=\"721\" height=\"1024\" src=\"https:\/\/icm.catholique.fr\/cheminsdedialogue\/wp-content\/uploads\/2020\/12\/Capture-de\u0301cran-2020-12-07-a\u0300-09.59.09-721x1024.png\" class=\"attachment-large size-large wp-image-4796\" alt=\"Dialogue interreligieux et th\u00e9ologie des religions\" srcset=\"https:\/\/icm.catholique.fr\/cheminsdedialogue\/wp-content\/uploads\/2020\/12\/Capture-de\u0301cran-2020-12-07-a\u0300-09.59.09-721x1024.png 721w, https:\/\/icm.catholique.fr\/cheminsdedialogue\/wp-content\/uploads\/2020\/12\/Capture-de\u0301cran-2020-12-07-a\u0300-09.59.09-211x300.png 211w, https:\/\/icm.catholique.fr\/cheminsdedialogue\/wp-content\/uploads\/2020\/12\/Capture-de\u0301cran-2020-12-07-a\u0300-09.59.09-768x1091.png 768w, https:\/\/icm.catholique.fr\/cheminsdedialogue\/wp-content\/uploads\/2020\/12\/Capture-de\u0301cran-2020-12-07-a\u0300-09.59.09-1081x1536.png 1081w, https:\/\/icm.catholique.fr\/cheminsdedialogue\/wp-content\/uploads\/2020\/12\/Capture-de\u0301cran-2020-12-07-a\u0300-09.59.09.png 1230w\" sizes=\"(max-width: 721px) 100vw, 721px\" \/>\t\t\t\t\t\t\t\t\t\t\t<figcaption class=\"widget-image-caption wp-caption-text\">5\u20ac<\/figcaption>\n\t\t\t\t\t\t\t\t\t\t<\/figure>\n\t\t\t\t\t\t\t\t\t<\/div>\n\t\t\t\t<\/div>\n\t\t\t\t\t<\/div>\n\t\t<\/div>\n\t\t\t\t<div class=\"elementor-column elementor-col-66 elementor-top-column elementor-element elementor-element-49efaed\" data-id=\"49efaed\" data-element_type=\"column\">\n\t\t\t<div class=\"elementor-widget-wrap elementor-element-populated\">\n\t\t\t\t\t\t\t\t<div class=\"elementor-element elementor-element-ab67db4 elementor-widget elementor-widget-text-editor\" data-id=\"ab67db4\" data-element_type=\"widget\" data-widget_type=\"text-editor.default\">\n\t\t\t\t<div class=\"elementor-widget-container\">\n\t\t\t\t\t\t\t<p style=\"background: white;\"><span style=\"font-size: 10.0pt; font-family: HelveticaNeue; color: #212121;\">Les questions autour du mal se posent depuis les commencements de l\u2019humanite\u0301. Les catastrophes, les guerres, les maladies ont toujours suscite\u0301 une sorte de \u00ab protestation de la conscience. \u00bb (Franc\u0327ois Varillon) Ces interrogations se sont manifeste\u0301es de manie\u0300re surprenante et massive dans l\u2019agora mondiale d\u2019internet lors du premier confinement.\u00a0<\/span><span style=\"color: #212121; font-family: HelveticaNeue; font-size: 10pt;\">Au-dela\u0300 du brouhaha interactif et souvent sans re\u0301ponse des re\u0301seaux sociaux, ces expressions ont pris aussi des formes plus fines d\u2019un nouveau dialogue interreligieux tous azimuts. Les vastes sujets traditionnels fusaient a\u0300 nouveaux frais, souvent comme si la plupart des intervenants les avaient laisse\u0301s de co\u0302te\u0301 trop longtemps.<\/span><span style=\"color: #212121; font-family: HelveticaNeue; font-size: 10pt;\">\u00a0<\/span><span style=\"font-style: normal; font-weight: 400; font-size: 10pt; font-family: HelveticaNeue; color: #212121;\">Qui est responsable de ce mal ? Sommes-nous fautifs ? Et Dieu dans tout cela ? Est-ce encore pertinent de penser un tel Dieu au <\/span><span style=\"font-style: normal; font-weight: 400; font-size: 8pt; font-family: HelveticaNeue; color: #212121;\">XXI<\/span><span style=\"font-style: normal; font-weight: 400; font-size: 7pt; font-family: HelveticaNeue; color: #212121; position: relative; top: -2pt;\">e <\/span><span style=\"font-style: normal; font-weight: 400; font-size: 10pt; font-family: HelveticaNeue; color: #212121;\">sie\u0300cle ? Que fait-il face a\u0300 toutes ces situations dramatiques ? Que faire pour le satisfaire ? Pourquoi ce mal ?<\/span><\/p><p style=\"text-align: right;\"><span style=\"color: #000000;\"><em>Xavier Manzano, Vicaire G\u00e9n\u00e9ral du dioc\u00e8se de Marseille\u00a0 \u00a0<\/em><\/span><\/p>\t\t\t\t\t\t<\/div>\n\t\t\t\t<\/div>\n\t\t\t\t\t<\/div>\n\t\t<\/div>\n\t\t\t\t\t\t\t<\/div>\n\t\t<\/section>\n\t\t\t\t<section class=\"elementor-section elementor-top-section elementor-element elementor-element-75f358d elementor-section-boxed elementor-section-height-default elementor-section-height-default\" data-id=\"75f358d\" data-element_type=\"section\">\n\t\t\t\t\t\t<div class=\"elementor-container elementor-column-gap-default\">\n\t\t\t\t\t<div class=\"elementor-column elementor-col-100 elementor-top-column elementor-element elementor-element-0bf16f0\" data-id=\"0bf16f0\" data-element_type=\"column\">\n\t\t\t<div class=\"elementor-widget-wrap elementor-element-populated\">\n\t\t\t\t\t\t\t\t<div class=\"elementor-element elementor-element-bb91d58 elementor-align-center elementor-widget elementor-widget-button\" data-id=\"bb91d58\" data-element_type=\"widget\" data-widget_type=\"button.default\">\n\t\t\t\t<div class=\"elementor-widget-container\">\n\t\t\t\t\t<div class=\"elementor-button-wrapper\">\n\t\t\t<a class=\"elementor-button elementor-button-link elementor-size-md\" href=\"https:\/\/www.helloasso.com\/associations\/association-chemins-de-dialogue\/evenements\/cahier-n-9-le-mal\" target=\"_blank\">\n\t\t\t\t\t\t<span class=\"elementor-button-content-wrapper\">\n\t\t\t\t\t\t<span class=\"elementor-button-text\">Acheter le  cahier<\/span>\n\t\t<\/span>\n\t\t\t\t\t<\/a>\n\t\t<\/div>\n\t\t\t\t<\/div>\n\t\t\t\t<\/div>\n\t\t\t\t\t<\/div>\n\t\t<\/div>\n\t\t\t\t\t\t\t<\/div>\n\t\t<\/section>\n\t\t\t\t\t\t\t<\/div>\n\t\t","protected":false},"excerpt":{"rendered":"<p>5\u20ac Les questions autour du mal se posent depuis les commencements de l\u2019humanite\u0301. Les catastrophes, les guerres, les maladies ont toujours suscite\u0301 une sorte de<a href=\"https:\/\/icm.catholique.fr\/cheminsdedialogue\/cahier-n9-le-mal\/\" class=\"more-link\"><span class=\"screen-reader-text\"> \u00ab\u00a0Cahier n\u00b09 : Le mal\u00a0\u00bb<\/span><\/a><\/p>\n","protected":false},"author":1,"featured_media":4796,"comment_status":"open","ping_status":"open","sticky":false,"template":"","format":"standard","meta":{"_mi_skip_tracking":false,"footnotes":""},"categories":[5],"tags":[],"yoast_head":"<!-- This site is optimized with the Yoast SEO plugin v21.4 - https:\/\/yoast.com\/wordpress\/plugins\/seo\/ -->\n<title>Cahier n\u00b09 : Le mal - Chemins de Dialogue<\/title>\n<meta name=\"robots\" content=\"index, follow, max-snippet:-1, max-image-preview:large, max-video-preview:-1\" \/>\n<link rel=\"canonical\" href=\"https:\/\/icm.catholique.fr\/cheminsdedialogue\/cahier-n9-le-mal\/\" \/>\n<meta property=\"og:locale\" content=\"fr_FR\" \/>\n<meta property=\"og:type\" content=\"article\" \/>\n<meta property=\"og:title\" content=\"Cahier n\u00b09 : Le mal - Chemins de Dialogue\" \/>\n<meta property=\"og:description\" content=\"5\u20ac Les questions autour du mal se posent depuis les commencements de l\u2019humanite\u0301. Les catastrophes, les guerres, les maladies ont toujours suscite\u0301 une sorte de &quot;Cahier n\u00b09 : Le mal&quot;\" \/>\n<meta property=\"og:url\" content=\"https:\/\/icm.catholique.fr\/cheminsdedialogue\/cahier-n9-le-mal\/\" \/>\n<meta property=\"og:site_name\" content=\"Chemins de Dialogue\" \/>\n<meta property=\"article:published_time\" content=\"2020-12-07T09:24:15+00:00\" \/>\n<meta property=\"article:modified_time\" content=\"2021-06-29T11:00:48+00:00\" \/>\n<meta property=\"og:image\" content=\"https:\/\/icm.catholique.fr\/cheminsdedialogue\/wp-content\/uploads\/2020\/12\/Capture-de\u0301cran-2020-12-07-a\u0300-09.59.09.png\" \/>\n\t<meta property=\"og:image:width\" content=\"1230\" \/>\n\t<meta property=\"og:image:height\" content=\"1748\" \/>\n\t<meta property=\"og:image:type\" content=\"image\/png\" \/>\n<meta name=\"author\" content=\"CDD13\" \/>\n<meta name=\"twitter:card\" content=\"summary_large_image\" \/>\n<meta name=\"twitter:label1\" content=\"\u00c9crit par\" \/>\n\t<meta name=\"twitter:data1\" content=\"CDD13\" \/>\n\t<meta name=\"twitter:label2\" content=\"Dur\u00e9e de lecture estim\u00e9e\" \/>\n\t<meta name=\"twitter:data2\" content=\"1 minute\" \/>\n<script type=\"application\/ld+json\" class=\"yoast-schema-graph\">{\"@context\":\"https:\/\/schema.org\",\"@graph\":[{\"@type\":\"Article\",\"@id\":\"https:\/\/icm.catholique.fr\/cheminsdedialogue\/cahier-n9-le-mal\/#article\",\"isPartOf\":{\"@id\":\"https:\/\/icm.catholique.fr\/cheminsdedialogue\/cahier-n9-le-mal\/\"},\"author\":{\"name\":\"CDD13\",\"@id\":\"https:\/\/icm.catholique.fr\/cheminsdedialogue\/#\/schema\/person\/c8c956c7eda0581bfe4fcabb6ddac401\"},\"headline\":\"Cahier n\u00b09 : Le mal\",\"datePublished\":\"2020-12-07T09:24:15+00:00\",\"dateModified\":\"2021-06-29T11:00:48+00:00\",\"mainEntityOfPage\":{\"@id\":\"https:\/\/icm.catholique.fr\/cheminsdedialogue\/cahier-n9-le-mal\/\"},\"wordCount\":166,\"commentCount\":0,\"publisher\":{\"@id\":\"https:\/\/icm.catholique.fr\/cheminsdedialogue\/#organization\"},\"articleSection\":[\"Les Cahiers\"],\"inLanguage\":\"fr-FR\",\"potentialAction\":[{\"@type\":\"CommentAction\",\"name\":\"Comment\",\"target\":[\"https:\/\/icm.catholique.fr\/cheminsdedialogue\/cahier-n9-le-mal\/#respond\"]}]},{\"@type\":\"WebPage\",\"@id\":\"https:\/\/icm.catholique.fr\/cheminsdedialogue\/cahier-n9-le-mal\/\",\"url\":\"https:\/\/icm.catholique.fr\/cheminsdedialogue\/cahier-n9-le-mal\/\",\"name\":\"Cahier n\u00b09 : Le mal - Chemins de Dialogue\",\"isPartOf\":{\"@id\":\"https:\/\/icm.catholique.fr\/cheminsdedialogue\/#website\"},\"datePublished\":\"2020-12-07T09:24:15+00:00\",\"dateModified\":\"2021-06-29T11:00:48+00:00\",\"breadcrumb\":{\"@id\":\"https:\/\/icm.catholique.fr\/cheminsdedialogue\/cahier-n9-le-mal\/#breadcrumb\"},\"inLanguage\":\"fr-FR\",\"potentialAction\":[{\"@type\":\"ReadAction\",\"target\":[\"https:\/\/icm.catholique.fr\/cheminsdedialogue\/cahier-n9-le-mal\/\"]}]},{\"@type\":\"BreadcrumbList\",\"@id\":\"https:\/\/icm.catholique.fr\/cheminsdedialogue\/cahier-n9-le-mal\/#breadcrumb\",\"itemListElement\":[{\"@type\":\"ListItem\",\"position\":1,\"name\":\"Accueil\",\"item\":\"https:\/\/icm.catholique.fr\/cheminsdedialogue\/\"},{\"@type\":\"ListItem\",\"position\":2,\"name\":\"Cahier n\u00b09 : Le mal\"}]},{\"@type\":\"WebSite\",\"@id\":\"https:\/\/icm.catholique.fr\/cheminsdedialogue\/#website\",\"url\":\"https:\/\/icm.catholique.fr\/cheminsdedialogue\/\",\"name\":\"Chemins de Dialogue\",\"description\":\"\",\"publisher\":{\"@id\":\"https:\/\/icm.catholique.fr\/cheminsdedialogue\/#organization\"},\"potentialAction\":[{\"@type\":\"SearchAction\",\"target\":{\"@type\":\"EntryPoint\",\"urlTemplate\":\"https:\/\/icm.catholique.fr\/cheminsdedialogue\/?s={search_term_string}\"},\"query-input\":\"required name=search_term_string\"}],\"inLanguage\":\"fr-FR\"},{\"@type\":\"Organization\",\"@id\":\"https:\/\/icm.catholique.fr\/cheminsdedialogue\/#organization\",\"name\":\"Association Chemins de Dialogue\",\"url\":\"https:\/\/icm.catholique.fr\/cheminsdedialogue\/\",\"logo\":{\"@type\":\"ImageObject\",\"inLanguage\":\"fr-FR\",\"@id\":\"https:\/\/icm.catholique.fr\/cheminsdedialogue\/#\/schema\/logo\/image\/\",\"url\":\"https:\/\/icm.catholique.fr\/cheminsdedialogue\/wp-content\/uploads\/2018\/11\/colombe-2.png\",\"contentUrl\":\"https:\/\/icm.catholique.fr\/cheminsdedialogue\/wp-content\/uploads\/2018\/11\/colombe-2.png\",\"width\":318,\"height\":201,\"caption\":\"Association Chemins de Dialogue\"},\"image\":{\"@id\":\"https:\/\/icm.catholique.fr\/cheminsdedialogue\/#\/schema\/logo\/image\/\"}},{\"@type\":\"Person\",\"@id\":\"https:\/\/icm.catholique.fr\/cheminsdedialogue\/#\/schema\/person\/c8c956c7eda0581bfe4fcabb6ddac401\",\"name\":\"CDD13\",\"image\":{\"@type\":\"ImageObject\",\"inLanguage\":\"fr-FR\",\"@id\":\"https:\/\/icm.catholique.fr\/cheminsdedialogue\/#\/schema\/person\/image\/\",\"url\":\"https:\/\/secure.gravatar.com\/avatar\/e883cf44ac9ef5022cf56056f957bcf0?s=96&d=mm&r=g\",\"contentUrl\":\"https:\/\/secure.gravatar.com\/avatar\/e883cf44ac9ef5022cf56056f957bcf0?s=96&d=mm&r=g\",\"caption\":\"CDD13\"},\"url\":\"https:\/\/icm.catholique.fr\/cheminsdedialogue\/author\/cdd13\/\"}]}<\/script>\n<!-- \/ Yoast SEO plugin. -->","yoast_head_json":{"title":"Cahier n\u00b09 : Le mal - Chemins de Dialogue","robots":{"index":"index","follow":"follow","max-snippet":"max-snippet:-1","max-image-preview":"max-image-preview:large","max-video-preview":"max-video-preview:-1"},"canonical":"https:\/\/icm.catholique.fr\/cheminsdedialogue\/cahier-n9-le-mal\/","og_locale":"fr_FR","og_type":"article","og_title":"Cahier n\u00b09 : Le mal - Chemins de Dialogue","og_description":"5\u20ac Les questions autour du mal se posent depuis les commencements de l\u2019humanite\u0301. Les catastrophes, les guerres, les maladies ont toujours suscite\u0301 une sorte de \"Cahier n\u00b09 : Le mal\"","og_url":"https:\/\/icm.catholique.fr\/cheminsdedialogue\/cahier-n9-le-mal\/","og_site_name":"Chemins de Dialogue","article_published_time":"2020-12-07T09:24:15+00:00","article_modified_time":"2021-06-29T11:00:48+00:00","og_image":[{"width":1230,"height":1748,"url":"https:\/\/icm.catholique.fr\/cheminsdedialogue\/wp-content\/uploads\/2020\/12\/Capture-de\u0301cran-2020-12-07-a\u0300-09.59.09.png","type":"image\/png"}],"author":"CDD13","twitter_card":"summary_large_image","twitter_misc":{"\u00c9crit par":"CDD13","Dur\u00e9e de lecture estim\u00e9e":"1 minute"},"schema":{"@context":"https:\/\/schema.org","@graph":[{"@type":"Article","@id":"https:\/\/icm.catholique.fr\/cheminsdedialogue\/cahier-n9-le-mal\/#article","isPartOf":{"@id":"https:\/\/icm.catholique.fr\/cheminsdedialogue\/cahier-n9-le-mal\/"},"author":{"name":"CDD13","@id":"https:\/\/icm.catholique.fr\/cheminsdedialogue\/#\/schema\/person\/c8c956c7eda0581bfe4fcabb6ddac401"},"headline":"Cahier n\u00b09 : Le mal","datePublished":"2020-12-07T09:24:15+00:00","dateModified":"2021-06-29T11:00:48+00:00","mainEntityOfPage":{"@id":"https:\/\/icm.catholique.fr\/cheminsdedialogue\/cahier-n9-le-mal\/"},"wordCount":166,"commentCount":0,"publisher":{"@id":"https:\/\/icm.catholique.fr\/cheminsdedialogue\/#organization"},"articleSection":["Les Cahiers"],"inLanguage":"fr-FR","potentialAction":[{"@type":"CommentAction","name":"Comment","target":["https:\/\/icm.catholique.fr\/cheminsdedialogue\/cahier-n9-le-mal\/#respond"]}]},{"@type":"WebPage","@id":"https:\/\/icm.catholique.fr\/cheminsdedialogue\/cahier-n9-le-mal\/","url":"https:\/\/icm.catholique.fr\/cheminsdedialogue\/cahier-n9-le-mal\/","name":"Cahier n\u00b09 : Le mal - Chemins de Dialogue","isPartOf":{"@id":"https:\/\/icm.catholique.fr\/cheminsdedialogue\/#website"},"datePublished":"2020-12-07T09:24:15+00:00","dateModified":"2021-06-29T11:00:48+00:00","breadcrumb":{"@id":"https:\/\/icm.catholique.fr\/cheminsdedialogue\/cahier-n9-le-mal\/#breadcrumb"},"inLanguage":"fr-FR","potentialAction":[{"@type":"ReadAction","target":["https:\/\/icm.catholique.fr\/cheminsdedialogue\/cahier-n9-le-mal\/"]}]},{"@type":"BreadcrumbList","@id":"https:\/\/icm.catholique.fr\/cheminsdedialogue\/cahier-n9-le-mal\/#breadcrumb","itemListElement":[{"@type":"ListItem","position":1,"name":"Accueil","item":"https:\/\/icm.catholique.fr\/cheminsdedialogue\/"},{"@type":"ListItem","position":2,"name":"Cahier n\u00b09 : Le mal"}]},{"@type":"WebSite","@id":"https:\/\/icm.catholique.fr\/cheminsdedialogue\/#website","url":"https:\/\/icm.catholique.fr\/cheminsdedialogue\/","name":"Chemins de Dialogue","description":"","publisher":{"@id":"https:\/\/icm.catholique.fr\/cheminsdedialogue\/#organization"},"potentialAction":[{"@type":"SearchAction","target":{"@type":"EntryPoint","urlTemplate":"https:\/\/icm.catholique.fr\/cheminsdedialogue\/?s={search_term_string}"},"query-input":"required name=search_term_string"}],"inLanguage":"fr-FR"},{"@type":"Organization","@id":"https:\/\/icm.catholique.fr\/cheminsdedialogue\/#organization","name":"Association Chemins de Dialogue","url":"https:\/\/icm.catholique.fr\/cheminsdedialogue\/","logo":{"@type":"ImageObject","inLanguage":"fr-FR","@id":"https:\/\/icm.catholique.fr\/cheminsdedialogue\/#\/schema\/logo\/image\/","url":"https:\/\/icm.catholique.fr\/cheminsdedialogue\/wp-content\/uploads\/2018\/11\/colombe-2.png","contentUrl":"https:\/\/icm.catholique.fr\/cheminsdedialogue\/wp-content\/uploads\/2018\/11\/colombe-2.png","width":318,"height":201,"caption":"Association Chemins de Dialogue"},"image":{"@id":"https:\/\/icm.catholique.fr\/cheminsdedialogue\/#\/schema\/logo\/image\/"}},{"@type":"Person","@id":"https:\/\/icm.catholique.fr\/cheminsdedialogue\/#\/schema\/person\/c8c956c7eda0581bfe4fcabb6ddac401","name":"CDD13","image":{"@type":"ImageObject","inLanguage":"fr-FR","@id":"https:\/\/icm.catholique.fr\/cheminsdedialogue\/#\/schema\/person\/image\/","url":"https:\/\/secure.gravatar.com\/avatar\/e883cf44ac9ef5022cf56056f957bcf0?s=96&d=mm&r=g","contentUrl":"https:\/\/secure.gravatar.com\/avatar\/e883cf44ac9ef5022cf56056f957bcf0?s=96&d=mm&r=g","caption":"CDD13"},"url":"https:\/\/icm.catholique.fr\/cheminsdedialogue\/author\/cdd13\/"}]}},"_links":{"self":[{"href":"https:\/\/icm.catholique.fr\/cheminsdedialogue\/wp-json\/wp\/v2\/posts\/4795"}],"collection":[{"href":"https:\/\/icm.catholique.fr\/cheminsdedialogue\/wp-json\/wp\/v2\/posts"}],"about":[{"href":"https:\/\/icm.catholique.fr\/cheminsdedialogue\/wp-json\/wp\/v2\/types\/post"}],"author":[{"embeddable":true,"href":"https:\/\/icm.catholique.fr\/cheminsdedialogue\/wp-json\/wp\/v2\/users\/1"}],"replies":[{"embeddable":true,"href":"https:\/\/icm.catholique.fr\/cheminsdedialogue\/wp-json\/wp\/v2\/comments?post=4795"}],"version-history":[{"count":16,"href":"https:\/\/icm.catholique.fr\/cheminsdedialogue\/wp-json\/wp\/v2\/posts\/4795\/revisions"}],"predecessor-version":[{"id":5276,"href":"https:\/\/icm.catholique.fr\/cheminsdedialogue\/wp-json\/wp\/v2\/posts\/4795\/revisions\/5276"}],"wp:featuredmedia":[{"embeddable":true,"href":"https:\/\/icm.catholique.fr\/cheminsdedialogue\/wp-json\/wp\/v2\/media\/4796"}],"wp:attachment":[{"href":"https:\/\/icm.catholique.fr\/cheminsdedialogue\/wp-json\/wp\/v2\/media?parent=4795"}],"wp:term":[{"taxonomy":"category","embeddable":true,"href":"https:\/\/icm.catholique.fr\/cheminsdedialogue\/wp-json\/wp\/v2\/categories?post=4795"},{"taxonomy":"post_tag","embeddable":true,"href":"https:\/\/icm.catholique.fr\/cheminsdedialogue\/wp-json\/wp\/v2\/tags?post=4795"}],"curies":[{"name":"wp","href":"https:\/\/api.w.org\/{rel}","templated":true}]}}