{"id":4192,"date":"2013-03-14T23:36:03","date_gmt":"2013-03-14T22:36:03","guid":{"rendered":"http:\/\/icm.catholique.fr\/cheminsdedialogue\/?p=4192"},"modified":"2025-07-03T10:51:10","modified_gmt":"2025-07-03T08:51:10","slug":"le-dialogue-islamo-chretien-dans-lesprit-dassise-roger-michel","status":"publish","type":"post","link":"https:\/\/icm.catholique.fr\/cheminsdedialogue\/le-dialogue-islamo-chretien-dans-lesprit-dassise-roger-michel\/","title":{"rendered":"Le dialogue islamo-chr\u00e9tien dans l&rsquo;esprit d&rsquo;Assise &#8211; Roger Michel"},"content":{"rendered":"\t\t<div data-elementor-type=\"wp-post\" data-elementor-id=\"4192\" class=\"elementor elementor-4192\">\n\t\t\t\t\t\t\t\t\t<section class=\"elementor-section elementor-top-section elementor-element elementor-element-3053ff5 elementor-section-boxed elementor-section-height-default elementor-section-height-default\" data-id=\"3053ff5\" data-element_type=\"section\">\n\t\t\t\t\t\t<div class=\"elementor-container elementor-column-gap-default\">\n\t\t\t\t\t<div class=\"elementor-column elementor-col-33 elementor-top-column elementor-element elementor-element-33f9615\" data-id=\"33f9615\" data-element_type=\"column\">\n\t\t\t<div class=\"elementor-widget-wrap elementor-element-populated\">\n\t\t\t\t\t\t\t\t<div class=\"elementor-element elementor-element-3a28b09 elementor-widget elementor-widget-image\" data-id=\"3a28b09\" data-element_type=\"widget\" data-widget_type=\"image.default\">\n\t\t\t\t<div class=\"elementor-widget-container\">\n\t\t\t\t\t\t\t\t\t\t\t\t\t\t\t<img decoding=\"async\" loading=\"lazy\" width=\"262\" height=\"400\" src=\"https:\/\/icm.catholique.fr\/cheminsdedialogue\/wp-content\/uploads\/2020\/06\/Dialogue-islamochretien-Michel-couv-big.jpg\" class=\"attachment-large size-large wp-image-4193\" alt=\"\" srcset=\"https:\/\/icm.catholique.fr\/cheminsdedialogue\/wp-content\/uploads\/2020\/06\/Dialogue-islamochretien-Michel-couv-big.jpg 262w, https:\/\/icm.catholique.fr\/cheminsdedialogue\/wp-content\/uploads\/2020\/06\/Dialogue-islamochretien-Michel-couv-big-197x300.jpg 197w\" sizes=\"(max-width: 262px) 100vw, 262px\" \/>\t\t\t\t\t\t\t\t\t\t\t\t\t\t\t<\/div>\n\t\t\t\t<\/div>\n\t\t\t\t\t<\/div>\n\t\t<\/div>\n\t\t\t\t<div class=\"elementor-column elementor-col-66 elementor-top-column elementor-element elementor-element-45cad28\" data-id=\"45cad28\" data-element_type=\"column\">\n\t\t\t<div class=\"elementor-widget-wrap elementor-element-populated\">\n\t\t\t\t\t\t\t\t<div class=\"elementor-element elementor-element-c299acb elementor-widget elementor-widget-text-editor\" data-id=\"c299acb\" data-element_type=\"widget\" data-widget_type=\"text-editor.default\">\n\t\t\t\t<div class=\"elementor-widget-container\">\n\t\t\t\t\t\t\t<p><span style=\"font-family: arial, helvetica, sans-serif; font-size: 14px; color: #000000;\"><span style=\"font-style: normal; font-weight: 400;\">Au moment o\u00f9 para\u00eet cet ouvrage, le pape Beno\u00eet XVI r\u00e9unit \u00e0\u00a0<\/span><span style=\"font-style: normal; font-variant-numeric: normal; font-variant-east-asian: normal; font-weight: 400;\">Assise les responsables des grandes religions du monde ainsi que des\u00a0<span style=\"font-variant-numeric: normal; font-variant-east-asian: normal;\">ath\u00e9es afin de contribuer, par la pri\u00e8re multiforme des uns et l\u2019engagement humaniste des autres, \u00e0 consolider la libert\u00e9 religieuse qui est\u00a0<span style=\"font-variant-numeric: normal; font-variant-east-asian: normal;\">l\u2019une des conditions les plus n\u00e9cessaires \u00e0 la paix et l\u2019un des chemins\u00a0<span style=\"font-variant-numeric: normal; font-variant-east-asian: normal;\">les plus s\u00fbrs pour y parvenir. L\u2019initiative du pape reprend celle de son\u00a0<span style=\"font-variant-numeric: normal; font-variant-east-asian: normal;\">pr\u00e9d\u00e9cesseur, le bienheureux Jean-Paul II, qui avait voulu que la\u00a0<span style=\"font-variant-numeric: normal; font-variant-east-asian: normal;\">rencontre d\u2019Assise du 27 octobre 1986 f\u00fbt une \u00ab le\u00e7on de choses \u00bb\u00a0<span style=\"font-variant-numeric: normal; font-variant-east-asian: normal;\">permettant \u00e0 l\u2019\u00c9glise de mettre en \u0153uvre le sens le plus profond de\u00a0<span style=\"font-variant-numeric: normal; font-variant-east-asian: normal;\">sa vocation tel qu\u2019il s\u2019\u00e9tait \u00e9clair\u00e9 de fa\u00e7on renouvel\u00e9e lors du concile\u00a0<span style=\"font-variant-numeric: normal; font-variant-east-asian: normal;\">Vatican II : annoncer l\u2019\u00c9vangile de J\u00e9sus Christ en se mettant au\u00a0<span style=\"font-variant-numeric: normal; font-variant-east-asian: normal;\">service de la relation d\u2019amour que Dieu veut \u00e9tablir avec le monde.<\/span><\/span><\/span><\/span><\/span><\/span><\/span><\/span><\/span><\/span><\/span><\/p><p><span style=\"font-family: arial, helvetica, sans-serif; font-size: 14px;\">_____________<\/span><\/p><p><em><span style=\"font-family: arial, helvetica, sans-serif; font-size: 14px;\">Publi\u00e9 en 2011<\/span><\/em><\/p><p><em><span style=\"font-family: arial, helvetica, sans-serif; font-size: 14px;\"><span style=\"color: #000000;\">176 pages &#8211; 14 x 21 cm &#8211; 18\u20ac<\/span><\/span><\/em><\/p>\t\t\t\t\t\t<\/div>\n\t\t\t\t<\/div>\n\t\t\t\t\t<\/div>\n\t\t<\/div>\n\t\t\t\t\t\t\t<\/div>\n\t\t<\/section>\n\t\t\t\t<section class=\"elementor-section elementor-top-section elementor-element elementor-element-51300d4 elementor-section-boxed elementor-section-height-default elementor-section-height-default\" data-id=\"51300d4\" data-element_type=\"section\">\n\t\t\t\t\t\t<div class=\"elementor-container elementor-column-gap-default\">\n\t\t\t\t\t<div class=\"elementor-column elementor-col-100 elementor-top-column elementor-element elementor-element-f88b9a0\" data-id=\"f88b9a0\" data-element_type=\"column\">\n\t\t\t<div class=\"elementor-widget-wrap elementor-element-populated\">\n\t\t\t\t\t\t\t\t<div class=\"elementor-element elementor-element-e4f3ea9 elementor-align-center elementor-widget elementor-widget-button\" data-id=\"e4f3ea9\" data-element_type=\"widget\" data-widget_type=\"button.default\">\n\t\t\t\t<div class=\"elementor-widget-container\">\n\t\t\t\t\t<div class=\"elementor-button-wrapper\">\n\t\t\t<a class=\"elementor-button elementor-button-link elementor-size-md\" href=\"https:\/\/www.helloasso.com\/associations\/association-chemins-de-dialogue\/evenements\/le-dialogue-islamo-chretien-dans-l-esprit-d-assise\" target=\"_blank\">\n\t\t\t\t\t\t<span class=\"elementor-button-content-wrapper\">\n\t\t\t\t\t\t<span class=\"elementor-button-text\">Acheter le livre<\/span>\n\t\t<\/span>\n\t\t\t\t\t<\/a>\n\t\t<\/div>\n\t\t\t\t<\/div>\n\t\t\t\t<\/div>\n\t\t\t\t\t<\/div>\n\t\t<\/div>\n\t\t\t\t\t\t\t<\/div>\n\t\t<\/section>\n\t\t\t\t\t\t\t<\/div>\n\t\t","protected":false},"excerpt":{"rendered":"<p>Au moment o\u00f9 para\u00eet cet ouvrage, le pape Beno\u00eet XVI r\u00e9unit \u00e0\u00a0Assise les responsables des grandes religions du monde ainsi que des\u00a0ath\u00e9es afin de contribuer,<a href=\"https:\/\/icm.catholique.fr\/cheminsdedialogue\/le-dialogue-islamo-chretien-dans-lesprit-dassise-roger-michel\/\" class=\"more-link\"><span class=\"screen-reader-text\"> \u00ab\u00a0Le dialogue islamo-chr\u00e9tien dans l&rsquo;esprit d&rsquo;Assise &#8211; Roger Michel\u00a0\u00bb<\/span><\/a><\/p>\n","protected":false},"author":1,"featured_media":4193,"comment_status":"open","ping_status":"open","sticky":false,"template":"","format":"standard","meta":{"_mi_skip_tracking":false,"footnotes":""},"categories":[3],"tags":[],"yoast_head":"<!-- This site is optimized with the Yoast SEO plugin v21.4 - https:\/\/yoast.com\/wordpress\/plugins\/seo\/ -->\n<title>Le dialogue islamo-chr\u00e9tien dans l&#039;esprit d&#039;Assise - Roger Michel - Chemins de Dialogue<\/title>\n<meta name=\"robots\" content=\"index, follow, max-snippet:-1, max-image-preview:large, max-video-preview:-1\" \/>\n<link rel=\"canonical\" href=\"https:\/\/icm.catholique.fr\/cheminsdedialogue\/le-dialogue-islamo-chretien-dans-lesprit-dassise-roger-michel\/\" \/>\n<meta property=\"og:locale\" content=\"fr_FR\" \/>\n<meta property=\"og:type\" content=\"article\" \/>\n<meta property=\"og:title\" content=\"Le dialogue islamo-chr\u00e9tien dans l&#039;esprit d&#039;Assise - Roger Michel - Chemins de Dialogue\" \/>\n<meta property=\"og:description\" content=\"Au moment o\u00f9 para\u00eet cet ouvrage, le pape Beno\u00eet XVI r\u00e9unit \u00e0\u00a0Assise les responsables des grandes religions du monde ainsi que des\u00a0ath\u00e9es afin de contribuer, &quot;Le dialogue islamo-chr\u00e9tien dans l&rsquo;esprit d&rsquo;Assise &#8211; Roger Michel&quot;\" \/>\n<meta property=\"og:url\" content=\"https:\/\/icm.catholique.fr\/cheminsdedialogue\/le-dialogue-islamo-chretien-dans-lesprit-dassise-roger-michel\/\" \/>\n<meta property=\"og:site_name\" content=\"Chemins de Dialogue\" \/>\n<meta property=\"article:published_time\" content=\"2013-03-14T22:36:03+00:00\" \/>\n<meta property=\"article:modified_time\" content=\"2025-07-03T08:51:10+00:00\" \/>\n<meta property=\"og:image\" content=\"https:\/\/icm.catholique.fr\/cheminsdedialogue\/wp-content\/uploads\/2020\/06\/Dialogue-islamochretien-Michel-couv-big.jpg\" \/>\n\t<meta property=\"og:image:width\" content=\"262\" \/>\n\t<meta property=\"og:image:height\" content=\"400\" \/>\n\t<meta property=\"og:image:type\" content=\"image\/jpeg\" \/>\n<meta name=\"author\" content=\"CDD13\" \/>\n<meta name=\"twitter:card\" content=\"summary_large_image\" \/>\n<meta name=\"twitter:label1\" content=\"\u00c9crit par\" \/>\n\t<meta name=\"twitter:data1\" content=\"CDD13\" \/>\n\t<meta name=\"twitter:label2\" content=\"Dur\u00e9e de lecture estim\u00e9e\" \/>\n\t<meta name=\"twitter:data2\" content=\"1 minute\" \/>\n<script type=\"application\/ld+json\" class=\"yoast-schema-graph\">{\"@context\":\"https:\/\/schema.org\",\"@graph\":[{\"@type\":\"Article\",\"@id\":\"https:\/\/icm.catholique.fr\/cheminsdedialogue\/le-dialogue-islamo-chretien-dans-lesprit-dassise-roger-michel\/#article\",\"isPartOf\":{\"@id\":\"https:\/\/icm.catholique.fr\/cheminsdedialogue\/le-dialogue-islamo-chretien-dans-lesprit-dassise-roger-michel\/\"},\"author\":{\"name\":\"CDD13\",\"@id\":\"https:\/\/icm.catholique.fr\/cheminsdedialogue\/#\/schema\/person\/c8c956c7eda0581bfe4fcabb6ddac401\"},\"headline\":\"Le dialogue islamo-chr\u00e9tien dans l&rsquo;esprit d&rsquo;Assise &#8211; Roger Michel\",\"datePublished\":\"2013-03-14T22:36:03+00:00\",\"dateModified\":\"2025-07-03T08:51:10+00:00\",\"mainEntityOfPage\":{\"@id\":\"https:\/\/icm.catholique.fr\/cheminsdedialogue\/le-dialogue-islamo-chretien-dans-lesprit-dassise-roger-michel\/\"},\"wordCount\":178,\"commentCount\":0,\"publisher\":{\"@id\":\"https:\/\/icm.catholique.fr\/cheminsdedialogue\/#organization\"},\"articleSection\":[\"Publications\"],\"inLanguage\":\"fr-FR\",\"potentialAction\":[{\"@type\":\"CommentAction\",\"name\":\"Comment\",\"target\":[\"https:\/\/icm.catholique.fr\/cheminsdedialogue\/le-dialogue-islamo-chretien-dans-lesprit-dassise-roger-michel\/#respond\"]}]},{\"@type\":\"WebPage\",\"@id\":\"https:\/\/icm.catholique.fr\/cheminsdedialogue\/le-dialogue-islamo-chretien-dans-lesprit-dassise-roger-michel\/\",\"url\":\"https:\/\/icm.catholique.fr\/cheminsdedialogue\/le-dialogue-islamo-chretien-dans-lesprit-dassise-roger-michel\/\",\"name\":\"Le dialogue islamo-chr\u00e9tien dans l'esprit d'Assise - Roger Michel - Chemins de Dialogue\",\"isPartOf\":{\"@id\":\"https:\/\/icm.catholique.fr\/cheminsdedialogue\/#website\"},\"datePublished\":\"2013-03-14T22:36:03+00:00\",\"dateModified\":\"2025-07-03T08:51:10+00:00\",\"breadcrumb\":{\"@id\":\"https:\/\/icm.catholique.fr\/cheminsdedialogue\/le-dialogue-islamo-chretien-dans-lesprit-dassise-roger-michel\/#breadcrumb\"},\"inLanguage\":\"fr-FR\",\"potentialAction\":[{\"@type\":\"ReadAction\",\"target\":[\"https:\/\/icm.catholique.fr\/cheminsdedialogue\/le-dialogue-islamo-chretien-dans-lesprit-dassise-roger-michel\/\"]}]},{\"@type\":\"BreadcrumbList\",\"@id\":\"https:\/\/icm.catholique.fr\/cheminsdedialogue\/le-dialogue-islamo-chretien-dans-lesprit-dassise-roger-michel\/#breadcrumb\",\"itemListElement\":[{\"@type\":\"ListItem\",\"position\":1,\"name\":\"Accueil\",\"item\":\"https:\/\/icm.catholique.fr\/cheminsdedialogue\/\"},{\"@type\":\"ListItem\",\"position\":2,\"name\":\"Le dialogue islamo-chr\u00e9tien dans l&rsquo;esprit d&rsquo;Assise &#8211; Roger Michel\"}]},{\"@type\":\"WebSite\",\"@id\":\"https:\/\/icm.catholique.fr\/cheminsdedialogue\/#website\",\"url\":\"https:\/\/icm.catholique.fr\/cheminsdedialogue\/\",\"name\":\"Chemins de Dialogue\",\"description\":\"\",\"publisher\":{\"@id\":\"https:\/\/icm.catholique.fr\/cheminsdedialogue\/#organization\"},\"potentialAction\":[{\"@type\":\"SearchAction\",\"target\":{\"@type\":\"EntryPoint\",\"urlTemplate\":\"https:\/\/icm.catholique.fr\/cheminsdedialogue\/?s={search_term_string}\"},\"query-input\":\"required name=search_term_string\"}],\"inLanguage\":\"fr-FR\"},{\"@type\":\"Organization\",\"@id\":\"https:\/\/icm.catholique.fr\/cheminsdedialogue\/#organization\",\"name\":\"Association Chemins de Dialogue\",\"url\":\"https:\/\/icm.catholique.fr\/cheminsdedialogue\/\",\"logo\":{\"@type\":\"ImageObject\",\"inLanguage\":\"fr-FR\",\"@id\":\"https:\/\/icm.catholique.fr\/cheminsdedialogue\/#\/schema\/logo\/image\/\",\"url\":\"https:\/\/icm.catholique.fr\/cheminsdedialogue\/wp-content\/uploads\/2018\/11\/colombe-2.png\",\"contentUrl\":\"https:\/\/icm.catholique.fr\/cheminsdedialogue\/wp-content\/uploads\/2018\/11\/colombe-2.png\",\"width\":318,\"height\":201,\"caption\":\"Association Chemins de Dialogue\"},\"image\":{\"@id\":\"https:\/\/icm.catholique.fr\/cheminsdedialogue\/#\/schema\/logo\/image\/\"}},{\"@type\":\"Person\",\"@id\":\"https:\/\/icm.catholique.fr\/cheminsdedialogue\/#\/schema\/person\/c8c956c7eda0581bfe4fcabb6ddac401\",\"name\":\"CDD13\",\"image\":{\"@type\":\"ImageObject\",\"inLanguage\":\"fr-FR\",\"@id\":\"https:\/\/icm.catholique.fr\/cheminsdedialogue\/#\/schema\/person\/image\/\",\"url\":\"https:\/\/secure.gravatar.com\/avatar\/e883cf44ac9ef5022cf56056f957bcf0?s=96&d=mm&r=g\",\"contentUrl\":\"https:\/\/secure.gravatar.com\/avatar\/e883cf44ac9ef5022cf56056f957bcf0?s=96&d=mm&r=g\",\"caption\":\"CDD13\"},\"url\":\"https:\/\/icm.catholique.fr\/cheminsdedialogue\/author\/cdd13\/\"}]}<\/script>\n<!-- \/ Yoast SEO plugin. -->","yoast_head_json":{"title":"Le dialogue islamo-chr\u00e9tien dans l'esprit d'Assise - Roger Michel - Chemins de Dialogue","robots":{"index":"index","follow":"follow","max-snippet":"max-snippet:-1","max-image-preview":"max-image-preview:large","max-video-preview":"max-video-preview:-1"},"canonical":"https:\/\/icm.catholique.fr\/cheminsdedialogue\/le-dialogue-islamo-chretien-dans-lesprit-dassise-roger-michel\/","og_locale":"fr_FR","og_type":"article","og_title":"Le dialogue islamo-chr\u00e9tien dans l'esprit d'Assise - Roger Michel - Chemins de Dialogue","og_description":"Au moment o\u00f9 para\u00eet cet ouvrage, le pape Beno\u00eet XVI r\u00e9unit \u00e0\u00a0Assise les responsables des grandes religions du monde ainsi que des\u00a0ath\u00e9es afin de contribuer, \"Le dialogue islamo-chr\u00e9tien dans l&rsquo;esprit d&rsquo;Assise &#8211; Roger Michel\"","og_url":"https:\/\/icm.catholique.fr\/cheminsdedialogue\/le-dialogue-islamo-chretien-dans-lesprit-dassise-roger-michel\/","og_site_name":"Chemins de Dialogue","article_published_time":"2013-03-14T22:36:03+00:00","article_modified_time":"2025-07-03T08:51:10+00:00","og_image":[{"width":262,"height":400,"url":"https:\/\/icm.catholique.fr\/cheminsdedialogue\/wp-content\/uploads\/2020\/06\/Dialogue-islamochretien-Michel-couv-big.jpg","type":"image\/jpeg"}],"author":"CDD13","twitter_card":"summary_large_image","twitter_misc":{"\u00c9crit par":"CDD13","Dur\u00e9e de lecture estim\u00e9e":"1 minute"},"schema":{"@context":"https:\/\/schema.org","@graph":[{"@type":"Article","@id":"https:\/\/icm.catholique.fr\/cheminsdedialogue\/le-dialogue-islamo-chretien-dans-lesprit-dassise-roger-michel\/#article","isPartOf":{"@id":"https:\/\/icm.catholique.fr\/cheminsdedialogue\/le-dialogue-islamo-chretien-dans-lesprit-dassise-roger-michel\/"},"author":{"name":"CDD13","@id":"https:\/\/icm.catholique.fr\/cheminsdedialogue\/#\/schema\/person\/c8c956c7eda0581bfe4fcabb6ddac401"},"headline":"Le dialogue islamo-chr\u00e9tien dans l&rsquo;esprit d&rsquo;Assise &#8211; Roger Michel","datePublished":"2013-03-14T22:36:03+00:00","dateModified":"2025-07-03T08:51:10+00:00","mainEntityOfPage":{"@id":"https:\/\/icm.catholique.fr\/cheminsdedialogue\/le-dialogue-islamo-chretien-dans-lesprit-dassise-roger-michel\/"},"wordCount":178,"commentCount":0,"publisher":{"@id":"https:\/\/icm.catholique.fr\/cheminsdedialogue\/#organization"},"articleSection":["Publications"],"inLanguage":"fr-FR","potentialAction":[{"@type":"CommentAction","name":"Comment","target":["https:\/\/icm.catholique.fr\/cheminsdedialogue\/le-dialogue-islamo-chretien-dans-lesprit-dassise-roger-michel\/#respond"]}]},{"@type":"WebPage","@id":"https:\/\/icm.catholique.fr\/cheminsdedialogue\/le-dialogue-islamo-chretien-dans-lesprit-dassise-roger-michel\/","url":"https:\/\/icm.catholique.fr\/cheminsdedialogue\/le-dialogue-islamo-chretien-dans-lesprit-dassise-roger-michel\/","name":"Le dialogue islamo-chr\u00e9tien dans l'esprit d'Assise - Roger Michel - Chemins de Dialogue","isPartOf":{"@id":"https:\/\/icm.catholique.fr\/cheminsdedialogue\/#website"},"datePublished":"2013-03-14T22:36:03+00:00","dateModified":"2025-07-03T08:51:10+00:00","breadcrumb":{"@id":"https:\/\/icm.catholique.fr\/cheminsdedialogue\/le-dialogue-islamo-chretien-dans-lesprit-dassise-roger-michel\/#breadcrumb"},"inLanguage":"fr-FR","potentialAction":[{"@type":"ReadAction","target":["https:\/\/icm.catholique.fr\/cheminsdedialogue\/le-dialogue-islamo-chretien-dans-lesprit-dassise-roger-michel\/"]}]},{"@type":"BreadcrumbList","@id":"https:\/\/icm.catholique.fr\/cheminsdedialogue\/le-dialogue-islamo-chretien-dans-lesprit-dassise-roger-michel\/#breadcrumb","itemListElement":[{"@type":"ListItem","position":1,"name":"Accueil","item":"https:\/\/icm.catholique.fr\/cheminsdedialogue\/"},{"@type":"ListItem","position":2,"name":"Le dialogue islamo-chr\u00e9tien dans l&rsquo;esprit d&rsquo;Assise &#8211; Roger Michel"}]},{"@type":"WebSite","@id":"https:\/\/icm.catholique.fr\/cheminsdedialogue\/#website","url":"https:\/\/icm.catholique.fr\/cheminsdedialogue\/","name":"Chemins de Dialogue","description":"","publisher":{"@id":"https:\/\/icm.catholique.fr\/cheminsdedialogue\/#organization"},"potentialAction":[{"@type":"SearchAction","target":{"@type":"EntryPoint","urlTemplate":"https:\/\/icm.catholique.fr\/cheminsdedialogue\/?s={search_term_string}"},"query-input":"required name=search_term_string"}],"inLanguage":"fr-FR"},{"@type":"Organization","@id":"https:\/\/icm.catholique.fr\/cheminsdedialogue\/#organization","name":"Association Chemins de Dialogue","url":"https:\/\/icm.catholique.fr\/cheminsdedialogue\/","logo":{"@type":"ImageObject","inLanguage":"fr-FR","@id":"https:\/\/icm.catholique.fr\/cheminsdedialogue\/#\/schema\/logo\/image\/","url":"https:\/\/icm.catholique.fr\/cheminsdedialogue\/wp-content\/uploads\/2018\/11\/colombe-2.png","contentUrl":"https:\/\/icm.catholique.fr\/cheminsdedialogue\/wp-content\/uploads\/2018\/11\/colombe-2.png","width":318,"height":201,"caption":"Association Chemins de Dialogue"},"image":{"@id":"https:\/\/icm.catholique.fr\/cheminsdedialogue\/#\/schema\/logo\/image\/"}},{"@type":"Person","@id":"https:\/\/icm.catholique.fr\/cheminsdedialogue\/#\/schema\/person\/c8c956c7eda0581bfe4fcabb6ddac401","name":"CDD13","image":{"@type":"ImageObject","inLanguage":"fr-FR","@id":"https:\/\/icm.catholique.fr\/cheminsdedialogue\/#\/schema\/person\/image\/","url":"https:\/\/secure.gravatar.com\/avatar\/e883cf44ac9ef5022cf56056f957bcf0?s=96&d=mm&r=g","contentUrl":"https:\/\/secure.gravatar.com\/avatar\/e883cf44ac9ef5022cf56056f957bcf0?s=96&d=mm&r=g","caption":"CDD13"},"url":"https:\/\/icm.catholique.fr\/cheminsdedialogue\/author\/cdd13\/"}]}},"_links":{"self":[{"href":"https:\/\/icm.catholique.fr\/cheminsdedialogue\/wp-json\/wp\/v2\/posts\/4192"}],"collection":[{"href":"https:\/\/icm.catholique.fr\/cheminsdedialogue\/wp-json\/wp\/v2\/posts"}],"about":[{"href":"https:\/\/icm.catholique.fr\/cheminsdedialogue\/wp-json\/wp\/v2\/types\/post"}],"author":[{"embeddable":true,"href":"https:\/\/icm.catholique.fr\/cheminsdedialogue\/wp-json\/wp\/v2\/users\/1"}],"replies":[{"embeddable":true,"href":"https:\/\/icm.catholique.fr\/cheminsdedialogue\/wp-json\/wp\/v2\/comments?post=4192"}],"version-history":[{"count":7,"href":"https:\/\/icm.catholique.fr\/cheminsdedialogue\/wp-json\/wp\/v2\/posts\/4192\/revisions"}],"predecessor-version":[{"id":7235,"href":"https:\/\/icm.catholique.fr\/cheminsdedialogue\/wp-json\/wp\/v2\/posts\/4192\/revisions\/7235"}],"wp:featuredmedia":[{"embeddable":true,"href":"https:\/\/icm.catholique.fr\/cheminsdedialogue\/wp-json\/wp\/v2\/media\/4193"}],"wp:attachment":[{"href":"https:\/\/icm.catholique.fr\/cheminsdedialogue\/wp-json\/wp\/v2\/media?parent=4192"}],"wp:term":[{"taxonomy":"category","embeddable":true,"href":"https:\/\/icm.catholique.fr\/cheminsdedialogue\/wp-json\/wp\/v2\/categories?post=4192"},{"taxonomy":"post_tag","embeddable":true,"href":"https:\/\/icm.catholique.fr\/cheminsdedialogue\/wp-json\/wp\/v2\/tags?post=4192"}],"curies":[{"name":"wp","href":"https:\/\/api.w.org\/{rel}","templated":true}]}}