{"id":4162,"date":"2017-12-14T20:24:00","date_gmt":"2017-12-14T19:24:00","guid":{"rendered":"http:\/\/icm.catholique.fr\/cheminsdedialogue\/?p=4162"},"modified":"2025-07-03T10:08:32","modified_gmt":"2025-07-03T08:08:32","slug":"etienne-renaud-la-passion-du-dialogue-remi-caucanas","status":"publish","type":"post","link":"https:\/\/icm.catholique.fr\/cheminsdedialogue\/etienne-renaud-la-passion-du-dialogue-remi-caucanas\/","title":{"rendered":"\u00c9tienne Renaud : La passion du dialogue &#8211; R\u00e9mi Caucanas"},"content":{"rendered":"\t\t<div data-elementor-type=\"wp-post\" data-elementor-id=\"4162\" class=\"elementor elementor-4162\">\n\t\t\t\t\t\t\t\t\t<section class=\"elementor-section elementor-top-section elementor-element elementor-element-bc1e10e elementor-section-boxed elementor-section-height-default elementor-section-height-default\" data-id=\"bc1e10e\" data-element_type=\"section\">\n\t\t\t\t\t\t<div class=\"elementor-container elementor-column-gap-default\">\n\t\t\t\t\t<div class=\"elementor-column elementor-col-33 elementor-top-column elementor-element elementor-element-c5a95b8\" data-id=\"c5a95b8\" data-element_type=\"column\">\n\t\t\t<div class=\"elementor-widget-wrap elementor-element-populated\">\n\t\t\t\t\t\t\t\t<div class=\"elementor-element elementor-element-9a67d9f elementor-widget elementor-widget-image\" data-id=\"9a67d9f\" data-element_type=\"widget\" data-widget_type=\"image.default\">\n\t\t\t\t<div class=\"elementor-widget-container\">\n\t\t\t\t\t\t\t\t\t\t\t\t\t\t\t<img decoding=\"async\" loading=\"lazy\" width=\"283\" height=\"400\" src=\"https:\/\/icm.catholique.fr\/cheminsdedialogue\/wp-content\/uploads\/2020\/06\/Etienne-Renaud-couv-big.jpg\" class=\"attachment-large size-large wp-image-4163\" alt=\"\" srcset=\"https:\/\/icm.catholique.fr\/cheminsdedialogue\/wp-content\/uploads\/2020\/06\/Etienne-Renaud-couv-big.jpg 283w, https:\/\/icm.catholique.fr\/cheminsdedialogue\/wp-content\/uploads\/2020\/06\/Etienne-Renaud-couv-big-212x300.jpg 212w\" sizes=\"(max-width: 283px) 100vw, 283px\" \/>\t\t\t\t\t\t\t\t\t\t\t\t\t\t\t<\/div>\n\t\t\t\t<\/div>\n\t\t\t\t\t<\/div>\n\t\t<\/div>\n\t\t\t\t<div class=\"elementor-column elementor-col-66 elementor-top-column elementor-element elementor-element-a405edb\" data-id=\"a405edb\" data-element_type=\"column\">\n\t\t\t<div class=\"elementor-widget-wrap elementor-element-populated\">\n\t\t\t\t\t\t\t\t<div class=\"elementor-element elementor-element-1a65969 elementor-widget elementor-widget-text-editor\" data-id=\"1a65969\" data-element_type=\"widget\" data-widget_type=\"text-editor.default\">\n\t\t\t\t<div class=\"elementor-widget-container\">\n\t\t\t\t\t\t\t<p class=\"p1\"><span style=\"font-family: arial, helvetica, sans-serif; font-size: 14px; color: #000000;\">P\u00e8re Blanc, \u00c9tienne Renaud (1936-2013) a consacr\u00e9 sa vie \u00e0 la rencontre avec l&rsquo;islam et les musulmans. Soucieux de la \u00ab promotion humaine \u00bb, passionn\u00e9 pour des communaut\u00e9s aussi diverses que celles du Y\u00e9men, de l\u2019archipel de Zanzibar ou de la cit\u00e9 de la Solidarit\u00e9 dans les Quartiers Nord de Marseille, \u00c9tienne Renaud a \u00e9t\u00e9, comme d\u2019autres missionnaires chr\u00e9tiens, un artisan de ce dialogue de vie si n\u00e9cessaire pour construire des ponts entre les musulmans et les chr\u00e9tiens, entre l&rsquo;Europe, l&rsquo;Afrique et le Moyen-Orient. R\u00e9unies pour la premi\u00e8re fois en un m\u00eame ouvrage, ses nombreuses contributions \u00e9crites, pr\u00e9cieux reflets d&rsquo;une vie missionnaire tr\u00e9pidante, t\u00e9moignent de cette passion du dialogue qui l&rsquo;anima jusqu&rsquo;\u00e0 la fin de sa vie.<\/span><\/p><p><span style=\"font-family: arial, helvetica, sans-serif; font-size: 14px;\">______________<\/span><\/p><p><em><span style=\"font-family: arial, helvetica, sans-serif; font-size: 14px;\">Publi\u00e9 en novembre 2017<\/span><\/em><\/p><p><em><span style=\"font-family: arial, helvetica, sans-serif; font-size: 14px;\"><span style=\"color: #000000;\">448 pages &#8211; 15 x 20 cm &#8211; 25\u20ac<\/span><\/span><\/em><\/p>\t\t\t\t\t\t<\/div>\n\t\t\t\t<\/div>\n\t\t\t\t\t<\/div>\n\t\t<\/div>\n\t\t\t\t\t\t\t<\/div>\n\t\t<\/section>\n\t\t\t\t<section class=\"elementor-section elementor-top-section elementor-element elementor-element-bf7b3b1 elementor-section-boxed elementor-section-height-default elementor-section-height-default\" data-id=\"bf7b3b1\" data-element_type=\"section\">\n\t\t\t\t\t\t<div class=\"elementor-container elementor-column-gap-default\">\n\t\t\t\t\t<div class=\"elementor-column elementor-col-100 elementor-top-column elementor-element elementor-element-0e65d5b\" data-id=\"0e65d5b\" data-element_type=\"column\">\n\t\t\t<div class=\"elementor-widget-wrap elementor-element-populated\">\n\t\t\t\t\t\t\t\t<div class=\"elementor-element elementor-element-c44906e elementor-align-center elementor-widget elementor-widget-button\" data-id=\"c44906e\" data-element_type=\"widget\" data-widget_type=\"button.default\">\n\t\t\t\t<div class=\"elementor-widget-container\">\n\t\t\t\t\t<div class=\"elementor-button-wrapper\">\n\t\t\t<a class=\"elementor-button elementor-button-link elementor-size-md\" href=\"https:\/\/www.helloasso.com\/associations\/association-chemins-de-dialogue\/evenements\/etienne-renaud-la-passion-du-dialogue\" target=\"_blank\">\n\t\t\t\t\t\t<span class=\"elementor-button-content-wrapper\">\n\t\t\t\t\t\t<span class=\"elementor-button-text\">Acheter le livre<\/span>\n\t\t<\/span>\n\t\t\t\t\t<\/a>\n\t\t<\/div>\n\t\t\t\t<\/div>\n\t\t\t\t<\/div>\n\t\t\t\t\t<\/div>\n\t\t<\/div>\n\t\t\t\t\t\t\t<\/div>\n\t\t<\/section>\n\t\t\t\t<section class=\"elementor-section elementor-top-section elementor-element elementor-element-f7f1f07 elementor-section-boxed elementor-section-height-default elementor-section-height-default\" data-id=\"f7f1f07\" data-element_type=\"section\">\n\t\t\t\t\t\t<div class=\"elementor-container elementor-column-gap-default\">\n\t\t\t\t\t<div class=\"elementor-column elementor-col-100 elementor-top-column elementor-element elementor-element-ff2e3b9\" data-id=\"ff2e3b9\" data-element_type=\"column\">\n\t\t\t<div class=\"elementor-widget-wrap elementor-element-populated\">\n\t\t\t\t\t\t\t\t<div class=\"elementor-element elementor-element-b6cc60b elementor-widget elementor-widget-spacer\" data-id=\"b6cc60b\" data-element_type=\"widget\" data-widget_type=\"spacer.default\">\n\t\t\t\t<div class=\"elementor-widget-container\">\n\t\t\t\t\t<div class=\"elementor-spacer\">\n\t\t\t<div class=\"elementor-spacer-inner\"><\/div>\n\t\t<\/div>\n\t\t\t\t<\/div>\n\t\t\t\t<\/div>\n\t\t\t\t<div class=\"elementor-element elementor-element-48a0b68 elementor-widget elementor-widget-text-editor\" data-id=\"48a0b68\" data-element_type=\"widget\" data-widget_type=\"text-editor.default\">\n\t\t\t\t<div class=\"elementor-widget-container\">\n\t\t\t\t\t\t\t<p><span style=\"font-family: arial, helvetica, sans-serif; font-size: 14px; color: #000000;\"><strong>L&rsquo;auteur<\/strong> : <strong>R\u00e9mi Caucanas<\/strong> a soutenu sa th\u00e8se en histoire contemporaine \u00e0 Aix-Marseille Universit\u00e9 en 2012. Directeur de l&rsquo;Institut catholique de la M\u00e9diterran\u00e9e, de 2014 \u00e0 2016, il est aujourd&rsquo;hui chercheur associ\u00e9 \u00e0 l&rsquo;Institut de recherches et d&rsquo;\u00e9tudes sur le monde arabe et musulman ( Aix-en-Provence) et chercheur associ\u00e9 \u00e0 l&rsquo;Institut pontifical d&rsquo;\u00e9tudes arabes et d&rsquo;islamologie (PISAI \u2013 Rome).<\/span><\/p>\t\t\t\t\t\t<\/div>\n\t\t\t\t<\/div>\n\t\t\t\t\t<\/div>\n\t\t<\/div>\n\t\t\t\t\t\t\t<\/div>\n\t\t<\/section>\n\t\t\t\t\t\t\t<\/div>\n\t\t","protected":false},"excerpt":{"rendered":"<p>P\u00e8re Blanc, \u00c9tienne Renaud (1936-2013) a consacr\u00e9 sa vie \u00e0 la rencontre avec l&rsquo;islam et les musulmans. Soucieux de la \u00ab promotion humaine \u00bb, passionn\u00e9<a href=\"https:\/\/icm.catholique.fr\/cheminsdedialogue\/etienne-renaud-la-passion-du-dialogue-remi-caucanas\/\" class=\"more-link\"><span class=\"screen-reader-text\"> \u00ab\u00a0\u00c9tienne Renaud : La passion du dialogue &#8211; R\u00e9mi Caucanas\u00a0\u00bb<\/span><\/a><\/p>\n","protected":false},"author":1,"featured_media":4163,"comment_status":"closed","ping_status":"open","sticky":false,"template":"","format":"standard","meta":{"_mi_skip_tracking":false,"footnotes":""},"categories":[3],"tags":[],"yoast_head":"<!-- This site is optimized with the Yoast SEO plugin v21.4 - https:\/\/yoast.com\/wordpress\/plugins\/seo\/ -->\n<title>\u00c9tienne Renaud : La passion du dialogue - R\u00e9mi Caucanas - Chemins de Dialogue<\/title>\n<meta name=\"robots\" content=\"index, follow, max-snippet:-1, max-image-preview:large, max-video-preview:-1\" \/>\n<link rel=\"canonical\" href=\"https:\/\/icm.catholique.fr\/cheminsdedialogue\/etienne-renaud-la-passion-du-dialogue-remi-caucanas\/\" \/>\n<meta property=\"og:locale\" content=\"fr_FR\" \/>\n<meta property=\"og:type\" content=\"article\" \/>\n<meta property=\"og:title\" content=\"\u00c9tienne Renaud : La passion du dialogue - R\u00e9mi Caucanas - Chemins de Dialogue\" \/>\n<meta property=\"og:description\" content=\"P\u00e8re Blanc, \u00c9tienne Renaud (1936-2013) a consacr\u00e9 sa vie \u00e0 la rencontre avec l&rsquo;islam et les musulmans. Soucieux de la \u00ab promotion humaine \u00bb, passionn\u00e9 &quot;\u00c9tienne Renaud : La passion du dialogue &#8211; R\u00e9mi Caucanas&quot;\" \/>\n<meta property=\"og:url\" content=\"https:\/\/icm.catholique.fr\/cheminsdedialogue\/etienne-renaud-la-passion-du-dialogue-remi-caucanas\/\" \/>\n<meta property=\"og:site_name\" content=\"Chemins de Dialogue\" \/>\n<meta property=\"article:published_time\" content=\"2017-12-14T19:24:00+00:00\" \/>\n<meta property=\"article:modified_time\" content=\"2025-07-03T08:08:32+00:00\" \/>\n<meta property=\"og:image\" content=\"https:\/\/icm.catholique.fr\/cheminsdedialogue\/wp-content\/uploads\/2020\/06\/Etienne-Renaud-couv-big.jpg\" \/>\n\t<meta property=\"og:image:width\" content=\"283\" \/>\n\t<meta property=\"og:image:height\" content=\"400\" \/>\n\t<meta property=\"og:image:type\" content=\"image\/jpeg\" \/>\n<meta name=\"author\" content=\"CDD13\" \/>\n<meta name=\"twitter:card\" content=\"summary_large_image\" \/>\n<meta name=\"twitter:label1\" content=\"\u00c9crit par\" \/>\n\t<meta name=\"twitter:data1\" content=\"CDD13\" \/>\n\t<meta name=\"twitter:label2\" content=\"Dur\u00e9e de lecture estim\u00e9e\" \/>\n\t<meta name=\"twitter:data2\" content=\"2 minutes\" \/>\n<script type=\"application\/ld+json\" class=\"yoast-schema-graph\">{\"@context\":\"https:\/\/schema.org\",\"@graph\":[{\"@type\":\"Article\",\"@id\":\"https:\/\/icm.catholique.fr\/cheminsdedialogue\/etienne-renaud-la-passion-du-dialogue-remi-caucanas\/#article\",\"isPartOf\":{\"@id\":\"https:\/\/icm.catholique.fr\/cheminsdedialogue\/etienne-renaud-la-passion-du-dialogue-remi-caucanas\/\"},\"author\":{\"name\":\"CDD13\",\"@id\":\"https:\/\/icm.catholique.fr\/cheminsdedialogue\/#\/schema\/person\/c8c956c7eda0581bfe4fcabb6ddac401\"},\"headline\":\"\u00c9tienne Renaud : La passion du dialogue &#8211; R\u00e9mi Caucanas\",\"datePublished\":\"2017-12-14T19:24:00+00:00\",\"dateModified\":\"2025-07-03T08:08:32+00:00\",\"mainEntityOfPage\":{\"@id\":\"https:\/\/icm.catholique.fr\/cheminsdedialogue\/etienne-renaud-la-passion-du-dialogue-remi-caucanas\/\"},\"wordCount\":204,\"publisher\":{\"@id\":\"https:\/\/icm.catholique.fr\/cheminsdedialogue\/#organization\"},\"articleSection\":[\"Publications\"],\"inLanguage\":\"fr-FR\"},{\"@type\":\"WebPage\",\"@id\":\"https:\/\/icm.catholique.fr\/cheminsdedialogue\/etienne-renaud-la-passion-du-dialogue-remi-caucanas\/\",\"url\":\"https:\/\/icm.catholique.fr\/cheminsdedialogue\/etienne-renaud-la-passion-du-dialogue-remi-caucanas\/\",\"name\":\"\u00c9tienne Renaud : La passion du dialogue - R\u00e9mi Caucanas - Chemins de Dialogue\",\"isPartOf\":{\"@id\":\"https:\/\/icm.catholique.fr\/cheminsdedialogue\/#website\"},\"datePublished\":\"2017-12-14T19:24:00+00:00\",\"dateModified\":\"2025-07-03T08:08:32+00:00\",\"breadcrumb\":{\"@id\":\"https:\/\/icm.catholique.fr\/cheminsdedialogue\/etienne-renaud-la-passion-du-dialogue-remi-caucanas\/#breadcrumb\"},\"inLanguage\":\"fr-FR\",\"potentialAction\":[{\"@type\":\"ReadAction\",\"target\":[\"https:\/\/icm.catholique.fr\/cheminsdedialogue\/etienne-renaud-la-passion-du-dialogue-remi-caucanas\/\"]}]},{\"@type\":\"BreadcrumbList\",\"@id\":\"https:\/\/icm.catholique.fr\/cheminsdedialogue\/etienne-renaud-la-passion-du-dialogue-remi-caucanas\/#breadcrumb\",\"itemListElement\":[{\"@type\":\"ListItem\",\"position\":1,\"name\":\"Accueil\",\"item\":\"https:\/\/icm.catholique.fr\/cheminsdedialogue\/\"},{\"@type\":\"ListItem\",\"position\":2,\"name\":\"\u00c9tienne Renaud : La passion du dialogue &#8211; R\u00e9mi Caucanas\"}]},{\"@type\":\"WebSite\",\"@id\":\"https:\/\/icm.catholique.fr\/cheminsdedialogue\/#website\",\"url\":\"https:\/\/icm.catholique.fr\/cheminsdedialogue\/\",\"name\":\"Chemins de Dialogue\",\"description\":\"\",\"publisher\":{\"@id\":\"https:\/\/icm.catholique.fr\/cheminsdedialogue\/#organization\"},\"potentialAction\":[{\"@type\":\"SearchAction\",\"target\":{\"@type\":\"EntryPoint\",\"urlTemplate\":\"https:\/\/icm.catholique.fr\/cheminsdedialogue\/?s={search_term_string}\"},\"query-input\":\"required name=search_term_string\"}],\"inLanguage\":\"fr-FR\"},{\"@type\":\"Organization\",\"@id\":\"https:\/\/icm.catholique.fr\/cheminsdedialogue\/#organization\",\"name\":\"Association Chemins de Dialogue\",\"url\":\"https:\/\/icm.catholique.fr\/cheminsdedialogue\/\",\"logo\":{\"@type\":\"ImageObject\",\"inLanguage\":\"fr-FR\",\"@id\":\"https:\/\/icm.catholique.fr\/cheminsdedialogue\/#\/schema\/logo\/image\/\",\"url\":\"https:\/\/icm.catholique.fr\/cheminsdedialogue\/wp-content\/uploads\/2018\/11\/colombe-2.png\",\"contentUrl\":\"https:\/\/icm.catholique.fr\/cheminsdedialogue\/wp-content\/uploads\/2018\/11\/colombe-2.png\",\"width\":318,\"height\":201,\"caption\":\"Association Chemins de Dialogue\"},\"image\":{\"@id\":\"https:\/\/icm.catholique.fr\/cheminsdedialogue\/#\/schema\/logo\/image\/\"}},{\"@type\":\"Person\",\"@id\":\"https:\/\/icm.catholique.fr\/cheminsdedialogue\/#\/schema\/person\/c8c956c7eda0581bfe4fcabb6ddac401\",\"name\":\"CDD13\",\"image\":{\"@type\":\"ImageObject\",\"inLanguage\":\"fr-FR\",\"@id\":\"https:\/\/icm.catholique.fr\/cheminsdedialogue\/#\/schema\/person\/image\/\",\"url\":\"https:\/\/secure.gravatar.com\/avatar\/e883cf44ac9ef5022cf56056f957bcf0?s=96&d=mm&r=g\",\"contentUrl\":\"https:\/\/secure.gravatar.com\/avatar\/e883cf44ac9ef5022cf56056f957bcf0?s=96&d=mm&r=g\",\"caption\":\"CDD13\"},\"url\":\"https:\/\/icm.catholique.fr\/cheminsdedialogue\/author\/cdd13\/\"}]}<\/script>\n<!-- \/ Yoast SEO plugin. -->","yoast_head_json":{"title":"\u00c9tienne Renaud : La passion du dialogue - R\u00e9mi Caucanas - Chemins de Dialogue","robots":{"index":"index","follow":"follow","max-snippet":"max-snippet:-1","max-image-preview":"max-image-preview:large","max-video-preview":"max-video-preview:-1"},"canonical":"https:\/\/icm.catholique.fr\/cheminsdedialogue\/etienne-renaud-la-passion-du-dialogue-remi-caucanas\/","og_locale":"fr_FR","og_type":"article","og_title":"\u00c9tienne Renaud : La passion du dialogue - R\u00e9mi Caucanas - Chemins de Dialogue","og_description":"P\u00e8re Blanc, \u00c9tienne Renaud (1936-2013) a consacr\u00e9 sa vie \u00e0 la rencontre avec l&rsquo;islam et les musulmans. Soucieux de la \u00ab promotion humaine \u00bb, passionn\u00e9 \"\u00c9tienne Renaud : La passion du dialogue &#8211; R\u00e9mi Caucanas\"","og_url":"https:\/\/icm.catholique.fr\/cheminsdedialogue\/etienne-renaud-la-passion-du-dialogue-remi-caucanas\/","og_site_name":"Chemins de Dialogue","article_published_time":"2017-12-14T19:24:00+00:00","article_modified_time":"2025-07-03T08:08:32+00:00","og_image":[{"width":283,"height":400,"url":"https:\/\/icm.catholique.fr\/cheminsdedialogue\/wp-content\/uploads\/2020\/06\/Etienne-Renaud-couv-big.jpg","type":"image\/jpeg"}],"author":"CDD13","twitter_card":"summary_large_image","twitter_misc":{"\u00c9crit par":"CDD13","Dur\u00e9e de lecture estim\u00e9e":"2 minutes"},"schema":{"@context":"https:\/\/schema.org","@graph":[{"@type":"Article","@id":"https:\/\/icm.catholique.fr\/cheminsdedialogue\/etienne-renaud-la-passion-du-dialogue-remi-caucanas\/#article","isPartOf":{"@id":"https:\/\/icm.catholique.fr\/cheminsdedialogue\/etienne-renaud-la-passion-du-dialogue-remi-caucanas\/"},"author":{"name":"CDD13","@id":"https:\/\/icm.catholique.fr\/cheminsdedialogue\/#\/schema\/person\/c8c956c7eda0581bfe4fcabb6ddac401"},"headline":"\u00c9tienne Renaud : La passion du dialogue &#8211; R\u00e9mi Caucanas","datePublished":"2017-12-14T19:24:00+00:00","dateModified":"2025-07-03T08:08:32+00:00","mainEntityOfPage":{"@id":"https:\/\/icm.catholique.fr\/cheminsdedialogue\/etienne-renaud-la-passion-du-dialogue-remi-caucanas\/"},"wordCount":204,"publisher":{"@id":"https:\/\/icm.catholique.fr\/cheminsdedialogue\/#organization"},"articleSection":["Publications"],"inLanguage":"fr-FR"},{"@type":"WebPage","@id":"https:\/\/icm.catholique.fr\/cheminsdedialogue\/etienne-renaud-la-passion-du-dialogue-remi-caucanas\/","url":"https:\/\/icm.catholique.fr\/cheminsdedialogue\/etienne-renaud-la-passion-du-dialogue-remi-caucanas\/","name":"\u00c9tienne Renaud : La passion du dialogue - R\u00e9mi Caucanas - Chemins de Dialogue","isPartOf":{"@id":"https:\/\/icm.catholique.fr\/cheminsdedialogue\/#website"},"datePublished":"2017-12-14T19:24:00+00:00","dateModified":"2025-07-03T08:08:32+00:00","breadcrumb":{"@id":"https:\/\/icm.catholique.fr\/cheminsdedialogue\/etienne-renaud-la-passion-du-dialogue-remi-caucanas\/#breadcrumb"},"inLanguage":"fr-FR","potentialAction":[{"@type":"ReadAction","target":["https:\/\/icm.catholique.fr\/cheminsdedialogue\/etienne-renaud-la-passion-du-dialogue-remi-caucanas\/"]}]},{"@type":"BreadcrumbList","@id":"https:\/\/icm.catholique.fr\/cheminsdedialogue\/etienne-renaud-la-passion-du-dialogue-remi-caucanas\/#breadcrumb","itemListElement":[{"@type":"ListItem","position":1,"name":"Accueil","item":"https:\/\/icm.catholique.fr\/cheminsdedialogue\/"},{"@type":"ListItem","position":2,"name":"\u00c9tienne Renaud : La passion du dialogue &#8211; R\u00e9mi Caucanas"}]},{"@type":"WebSite","@id":"https:\/\/icm.catholique.fr\/cheminsdedialogue\/#website","url":"https:\/\/icm.catholique.fr\/cheminsdedialogue\/","name":"Chemins de Dialogue","description":"","publisher":{"@id":"https:\/\/icm.catholique.fr\/cheminsdedialogue\/#organization"},"potentialAction":[{"@type":"SearchAction","target":{"@type":"EntryPoint","urlTemplate":"https:\/\/icm.catholique.fr\/cheminsdedialogue\/?s={search_term_string}"},"query-input":"required name=search_term_string"}],"inLanguage":"fr-FR"},{"@type":"Organization","@id":"https:\/\/icm.catholique.fr\/cheminsdedialogue\/#organization","name":"Association Chemins de Dialogue","url":"https:\/\/icm.catholique.fr\/cheminsdedialogue\/","logo":{"@type":"ImageObject","inLanguage":"fr-FR","@id":"https:\/\/icm.catholique.fr\/cheminsdedialogue\/#\/schema\/logo\/image\/","url":"https:\/\/icm.catholique.fr\/cheminsdedialogue\/wp-content\/uploads\/2018\/11\/colombe-2.png","contentUrl":"https:\/\/icm.catholique.fr\/cheminsdedialogue\/wp-content\/uploads\/2018\/11\/colombe-2.png","width":318,"height":201,"caption":"Association Chemins de Dialogue"},"image":{"@id":"https:\/\/icm.catholique.fr\/cheminsdedialogue\/#\/schema\/logo\/image\/"}},{"@type":"Person","@id":"https:\/\/icm.catholique.fr\/cheminsdedialogue\/#\/schema\/person\/c8c956c7eda0581bfe4fcabb6ddac401","name":"CDD13","image":{"@type":"ImageObject","inLanguage":"fr-FR","@id":"https:\/\/icm.catholique.fr\/cheminsdedialogue\/#\/schema\/person\/image\/","url":"https:\/\/secure.gravatar.com\/avatar\/e883cf44ac9ef5022cf56056f957bcf0?s=96&d=mm&r=g","contentUrl":"https:\/\/secure.gravatar.com\/avatar\/e883cf44ac9ef5022cf56056f957bcf0?s=96&d=mm&r=g","caption":"CDD13"},"url":"https:\/\/icm.catholique.fr\/cheminsdedialogue\/author\/cdd13\/"}]}},"_links":{"self":[{"href":"https:\/\/icm.catholique.fr\/cheminsdedialogue\/wp-json\/wp\/v2\/posts\/4162"}],"collection":[{"href":"https:\/\/icm.catholique.fr\/cheminsdedialogue\/wp-json\/wp\/v2\/posts"}],"about":[{"href":"https:\/\/icm.catholique.fr\/cheminsdedialogue\/wp-json\/wp\/v2\/types\/post"}],"author":[{"embeddable":true,"href":"https:\/\/icm.catholique.fr\/cheminsdedialogue\/wp-json\/wp\/v2\/users\/1"}],"replies":[{"embeddable":true,"href":"https:\/\/icm.catholique.fr\/cheminsdedialogue\/wp-json\/wp\/v2\/comments?post=4162"}],"version-history":[{"count":9,"href":"https:\/\/icm.catholique.fr\/cheminsdedialogue\/wp-json\/wp\/v2\/posts\/4162\/revisions"}],"predecessor-version":[{"id":7165,"href":"https:\/\/icm.catholique.fr\/cheminsdedialogue\/wp-json\/wp\/v2\/posts\/4162\/revisions\/7165"}],"wp:featuredmedia":[{"embeddable":true,"href":"https:\/\/icm.catholique.fr\/cheminsdedialogue\/wp-json\/wp\/v2\/media\/4163"}],"wp:attachment":[{"href":"https:\/\/icm.catholique.fr\/cheminsdedialogue\/wp-json\/wp\/v2\/media?parent=4162"}],"wp:term":[{"taxonomy":"category","embeddable":true,"href":"https:\/\/icm.catholique.fr\/cheminsdedialogue\/wp-json\/wp\/v2\/categories?post=4162"},{"taxonomy":"post_tag","embeddable":true,"href":"https:\/\/icm.catholique.fr\/cheminsdedialogue\/wp-json\/wp\/v2\/tags?post=4162"}],"curies":[{"name":"wp","href":"https:\/\/api.w.org\/{rel}","templated":true}]}}