{"id":395,"date":"1997-06-02T12:10:52","date_gmt":"1997-06-02T10:10:52","guid":{"rendered":"http:\/\/icm.catholique.fr\/?p=395"},"modified":"2021-02-15T01:34:40","modified_gmt":"2021-02-15T00:34:40","slug":"chemins-de-dialogue-n9-artisans-de-paix-1997","status":"publish","type":"post","link":"https:\/\/icm.catholique.fr\/cheminsdedialogue\/chemins-de-dialogue-n9-artisans-de-paix-1997\/","title":{"rendered":"Revue n\u00b009 &#8211; Artisans de paix"},"content":{"rendered":"\t\t<div data-elementor-type=\"wp-post\" data-elementor-id=\"395\" class=\"elementor elementor-395\">\n\t\t\t\t\t\t\t\t\t<section class=\"elementor-section elementor-top-section elementor-element elementor-element-20f8e3d elementor-section-boxed elementor-section-height-default elementor-section-height-default\" data-id=\"20f8e3d\" data-element_type=\"section\">\n\t\t\t\t\t\t<div class=\"elementor-container elementor-column-gap-default\">\n\t\t\t\t\t<div class=\"elementor-column elementor-col-33 elementor-top-column elementor-element elementor-element-df5b0c6\" data-id=\"df5b0c6\" data-element_type=\"column\">\n\t\t\t<div class=\"elementor-widget-wrap elementor-element-populated\">\n\t\t\t\t\t\t\t\t<div class=\"elementor-element elementor-element-1f11681 elementor-widget elementor-widget-image\" data-id=\"1f11681\" data-element_type=\"widget\" data-widget_type=\"image.default\">\n\t\t\t\t<div class=\"elementor-widget-container\">\n\t\t\t\t\t\t\t\t\t\t\t\t<figure class=\"wp-caption\">\n\t\t\t\t\t\t\t\t\t\t<img decoding=\"async\" loading=\"lazy\" width=\"781\" height=\"1024\" src=\"https:\/\/icm.catholique.fr\/cheminsdedialogue\/wp-content\/uploads\/2015\/12\/2008-01-10-15.23.20-781x1024.jpg\" class=\"attachment-large size-large wp-image-4615\" alt=\"\" srcset=\"https:\/\/icm.catholique.fr\/cheminsdedialogue\/wp-content\/uploads\/2015\/12\/2008-01-10-15.23.20-781x1024.jpg 781w, https:\/\/icm.catholique.fr\/cheminsdedialogue\/wp-content\/uploads\/2015\/12\/2008-01-10-15.23.20-229x300.jpg 229w, https:\/\/icm.catholique.fr\/cheminsdedialogue\/wp-content\/uploads\/2015\/12\/2008-01-10-15.23.20-768x1007.jpg 768w, https:\/\/icm.catholique.fr\/cheminsdedialogue\/wp-content\/uploads\/2015\/12\/2008-01-10-15.23.20.jpg 991w\" sizes=\"(max-width: 781px) 100vw, 781px\" \/>\t\t\t\t\t\t\t\t\t\t\t<figcaption class=\"widget-image-caption wp-caption-text\">20 \u20ac<\/figcaption>\n\t\t\t\t\t\t\t\t\t\t<\/figure>\n\t\t\t\t\t\t\t\t\t<\/div>\n\t\t\t\t<\/div>\n\t\t\t\t\t<\/div>\n\t\t<\/div>\n\t\t\t\t<div class=\"elementor-column elementor-col-66 elementor-top-column elementor-element elementor-element-ce034e2\" data-id=\"ce034e2\" data-element_type=\"column\">\n\t\t\t<div class=\"elementor-widget-wrap elementor-element-populated\">\n\t\t\t\t\t\t\t\t<div class=\"elementor-element elementor-element-4fc7508 elementor-widget elementor-widget-text-editor\" data-id=\"4fc7508\" data-element_type=\"widget\" data-widget_type=\"text-editor.default\">\n\t\t\t\t<div class=\"elementor-widget-container\">\n\t\t\t\t\t\t\t<p><span style=\"font-size: 14px; font-family: arial, helvetica, sans-serif; color: #000000;\">\u00abHeureux les artisans de paix !\u00bb<\/span><\/p><p><span style=\"font-size: 14px; font-family: arial, helvetica, sans-serif; color: #000000;\">Si \u00abla Paix est le nom de Dieu\u00bb, comme nous l\u2019a rappele\u0301, en octobre dernier, la communaute\u0301 de Sant\u2019Egidio, nombreux sont les croyants qui aujourd\u2019hui, entendent travailler pour la paix en s\u2019engageant, de diverses manie\u0300res, dans la rencontre interreli- gieuse. Lors des premie\u0300res \u00abAssises de l\u2019interreligieux\u00bb, tenues en novembre dernier a\u0300 Paris, nous avons pu sentir l\u2019importance et l\u2019enjeu de ce \u00abmouvement de dialogue\u00bb qui prend consistance en France et auquel notre revue &#8211; et particulie\u0300rement ce nouveau nume\u0301ro entend contribuer. Et ce de deux fac\u0327ons. En donnant la parole a\u0300 des \u00abartisans de paix\u00bb aux quatre coins du monde, a\u0300 travers des confe\u0301rences prononce\u0301es a\u0300 Marseille, dans le cadre du colloque <span style=\"font-style: italic;\">\u00abPaix sur la Me\u0301diterrane\u0301e\u00bb, <\/span>ou a\u0300 Bruxelles, a\u0300 l\u2019invitation des <span style=\"font-style: italic;\">\u00abVoies de l\u2019Orient\u00bb. <\/span>En invitant aussi, sous la conduite de Joseph Dore\u0301, a\u0300 re\u0301fle\u0301chir sur les incidences de cette pratique du dialogue sur l\u2019intelligence de la foi chre\u0301tienne convoque\u0301e a\u0300 rencontrer la pre\u0301sence du Christ sur d\u2019autres voies religieuses que la sienne. <span style=\"color: #000000;\"><em>\u00a0<\/em><\/span><\/span><\/p><p><span style=\"font-size: 14px; font-family: arial, helvetica, sans-serif; color: #000000;\"><span style=\"color: #000000;\"><em>1<\/em><\/span><\/span><span style=\"font-size: 14px; font-family: arial, helvetica, sans-serif; color: #000000;\"><span style=\"color: #000000;\"><em>6 x 22 cm<\/em><\/span><\/span><\/p>\t\t\t\t\t\t<\/div>\n\t\t\t\t<\/div>\n\t\t\t\t\t<\/div>\n\t\t<\/div>\n\t\t\t\t\t\t\t<\/div>\n\t\t<\/section>\n\t\t\t\t<section class=\"elementor-section elementor-top-section elementor-element elementor-element-300e44c elementor-section-boxed elementor-section-height-default elementor-section-height-default\" data-id=\"300e44c\" data-element_type=\"section\">\n\t\t\t\t\t\t<div class=\"elementor-container elementor-column-gap-default\">\n\t\t\t\t\t<div class=\"elementor-column elementor-col-100 elementor-top-column elementor-element elementor-element-39cf403\" data-id=\"39cf403\" data-element_type=\"column\">\n\t\t\t<div class=\"elementor-widget-wrap elementor-element-populated\">\n\t\t\t\t\t\t\t\t<div class=\"elementor-element elementor-element-a2e8c15 elementor-align-center elementor-widget elementor-widget-button\" data-id=\"a2e8c15\" data-element_type=\"widget\" data-widget_type=\"button.default\">\n\t\t\t\t<div class=\"elementor-widget-container\">\n\t\t\t\t\t<div class=\"elementor-button-wrapper\">\n\t\t\t<a class=\"elementor-button elementor-button-link elementor-size-md\" href=\"https:\/\/www.helloasso.com\/associations\/association-chemins-de-dialogue\/evenements\/revue-n-9-artisans-de-paix\" target=\"_blank\">\n\t\t\t\t\t\t<span class=\"elementor-button-content-wrapper\">\n\t\t\t\t\t\t<span class=\"elementor-button-text\">Acheter la revue<\/span>\n\t\t<\/span>\n\t\t\t\t\t<\/a>\n\t\t<\/div>\n\t\t\t\t<\/div>\n\t\t\t\t<\/div>\n\t\t\t\t<div class=\"elementor-element elementor-element-f676a84 elementor-widget-divider--view-line elementor-widget elementor-widget-divider\" data-id=\"f676a84\" data-element_type=\"widget\" data-widget_type=\"divider.default\">\n\t\t\t\t<div class=\"elementor-widget-container\">\n\t\t\t\t\t<div class=\"elementor-divider\">\n\t\t\t<span class=\"elementor-divider-separator\">\n\t\t\t\t\t\t<\/span>\n\t\t<\/div>\n\t\t\t\t<\/div>\n\t\t\t\t<\/div>\n\t\t\t\t\t<\/div>\n\t\t<\/div>\n\t\t\t\t\t\t\t<\/div>\n\t\t<\/section>\n\t\t\t\t<section class=\"elementor-section elementor-top-section elementor-element elementor-element-6a99c046 elementor-section-boxed elementor-section-height-default elementor-section-height-default\" data-id=\"6a99c046\" data-element_type=\"section\">\n\t\t\t\t\t\t<div class=\"elementor-container elementor-column-gap-default\">\n\t\t\t\t\t<div class=\"elementor-column elementor-col-100 elementor-top-column elementor-element elementor-element-57a7948c\" data-id=\"57a7948c\" data-element_type=\"column\">\n\t\t\t<div class=\"elementor-widget-wrap elementor-element-populated\">\n\t\t\t\t\t\t\t\t<div class=\"elementor-element elementor-element-200ebcaa elementor-widget elementor-widget-text-editor\" data-id=\"200ebcaa\" data-element_type=\"widget\" data-widget_type=\"text-editor.default\">\n\t\t\t\t<div class=\"elementor-widget-container\">\n\t\t\t\t\t\t\t<center><span style=\"color: #103f5b; font-size: 14px;\"><b>\u00a0Sommaire<\/b><\/span><\/center><div id=\"homepage\" class=\"clear\"><div class=\"fl_left\"><p><i>Liminaire<br \/><\/i><b>Jean-Marc Aveline<\/b><br \/>CdD 9, p. 7<\/p><h3>I. Le Christ et les religions<\/h3><p><i>La pr\u00e9sence du Christ dans les religions non-chr\u00e9tiennes<br \/><\/i><b>Joseph Dor\u00e9<\/b><br \/>CdD 9, p. 13<\/p><h3>II. Paix sur la M\u00e9diterran\u00e9e<\/h3><p><i>L&rsquo;engagement de l&rsquo;Eglise catholique dans le dialogue interreligieux depuis Assise 1986<br \/><\/i><b>Card. Francis Arinze<\/b><br \/>CdD 9, p. 81<\/p><p><i>R\u00e9flexion sur la relation islamo-chr\u00e9tienne dans la crise alg\u00e9rienne<br \/><\/i><b>Henri Teissier<\/b><br \/>CdD 9, p. 97<\/p><p><i>L&rsquo;importance de la collaboration interreligieuse en vue d&rsquo;une paix juste et durable en Bosnie-Herzegovine<br \/><\/i><b>Mato Zovkic<\/b><br \/>CdD 9, p. 107<\/p><p><i>La coexistence au Liban .Le dialogue continu<br \/><\/i><b>Emir Har\u00e9s Ch\u00e9hab<\/b><br \/>CdD 9, p. 113<\/p><p><i>O\u00f9 en est le dialogue entre juifs et chr\u00e9tiens aujourd&rsquo;hui ?<br \/><\/i><b>Jean Dujardin<\/b><br \/>CdD 9, p. 125<\/p><p><i>En France, aujourd&rsquo;hui, le dialogue interreligieux<br \/><\/i><b>Gilles Couvreur<\/b><br \/>CdD 9, p. 131<\/p><\/div><div class=\"fl_right\"><h3>III. Sur les voies de l&rsquo;Orient<\/h3><p><i>La pertinence du confucianisme aujourd&rsquo;hui<br \/><\/i><b>Edmond Tang<\/b><br \/>CdD 9, p. 143<\/p><p><i>Quelqu&rsquo;un peut-il \u00eatre hindou-chr\u00e9tien ?<br \/><\/i><b>Michael Amaladoss<\/b><br \/>CdD 9, p. 151<\/p><p><i>Diversit\u00e9 de la r\u00e9f\u00e9rence au religieux<br \/><\/i><b>Jean Joncheray<\/b><br \/>CdD 9, p. 163<\/p><p><i>Les Eglises de Grande-Bretagne et le dialogue interreligieux<br \/><\/i><b>Christopher Lamb<\/b><br \/>CdD 9, p. 175<\/p><h3>IV. Approches du ph\u00e9nom\u00e8ne religieux<\/h3><p><i>Sectes. Malaise social et questionnement religieux<br \/><\/i><b>Bernard Ugeux<\/b><br \/>CdD 9, p. 195<\/p><\/div><\/div>\t\t\t\t\t\t<\/div>\n\t\t\t\t<\/div>\n\t\t\t\t\t<\/div>\n\t\t<\/div>\n\t\t\t\t\t\t\t<\/div>\n\t\t<\/section>\n\t\t\t\t\t\t\t<\/div>\n\t\t","protected":false},"excerpt":{"rendered":"<p>20 \u20ac \u00abHeureux les artisans de paix !\u00bb Si \u00abla Paix est le nom de Dieu\u00bb, comme nous l\u2019a rappele\u0301, en octobre dernier, la communaute\u0301<a href=\"https:\/\/icm.catholique.fr\/cheminsdedialogue\/chemins-de-dialogue-n9-artisans-de-paix-1997\/\" class=\"more-link\"><span class=\"screen-reader-text\"> \u00ab\u00a0Revue n\u00b009 &#8211; Artisans de paix\u00a0\u00bb<\/span><\/a><\/p>\n","protected":false},"author":1,"featured_media":4615,"comment_status":"open","ping_status":"open","sticky":false,"template":"","format":"standard","meta":{"_mi_skip_tracking":false,"footnotes":""},"categories":[9],"tags":[],"yoast_head":"<!-- This site is optimized with the Yoast SEO plugin v21.4 - https:\/\/yoast.com\/wordpress\/plugins\/seo\/ -->\n<title>Revue n\u00b009 - Artisans de paix - Chemins de Dialogue<\/title>\n<meta name=\"robots\" content=\"index, follow, max-snippet:-1, max-image-preview:large, max-video-preview:-1\" \/>\n<link rel=\"canonical\" href=\"https:\/\/icm.catholique.fr\/cheminsdedialogue\/chemins-de-dialogue-n9-artisans-de-paix-1997\/\" \/>\n<meta property=\"og:locale\" content=\"fr_FR\" \/>\n<meta property=\"og:type\" content=\"article\" \/>\n<meta property=\"og:title\" content=\"Revue n\u00b009 - Artisans de paix - Chemins de Dialogue\" \/>\n<meta property=\"og:description\" content=\"20 \u20ac \u00abHeureux les artisans de paix !\u00bb Si \u00abla Paix est le nom de Dieu\u00bb, comme nous l\u2019a rappele\u0301, en octobre dernier, la communaute\u0301 &quot;Revue n\u00b009 &#8211; Artisans de paix&quot;\" \/>\n<meta property=\"og:url\" content=\"https:\/\/icm.catholique.fr\/cheminsdedialogue\/chemins-de-dialogue-n9-artisans-de-paix-1997\/\" \/>\n<meta property=\"og:site_name\" content=\"Chemins de Dialogue\" \/>\n<meta property=\"article:published_time\" content=\"1997-06-02T10:10:52+00:00\" \/>\n<meta property=\"article:modified_time\" content=\"2021-02-15T00:34:40+00:00\" \/>\n<meta property=\"og:image\" content=\"https:\/\/icm.catholique.fr\/cheminsdedialogue\/wp-content\/uploads\/2015\/12\/2008-01-10-15.23.20.jpg\" \/>\n\t<meta property=\"og:image:width\" content=\"991\" \/>\n\t<meta property=\"og:image:height\" content=\"1300\" \/>\n\t<meta property=\"og:image:type\" content=\"image\/jpeg\" \/>\n<meta name=\"author\" content=\"CDD13\" \/>\n<meta name=\"twitter:card\" content=\"summary_large_image\" \/>\n<meta name=\"twitter:label1\" content=\"\u00c9crit par\" \/>\n\t<meta name=\"twitter:data1\" content=\"CDD13\" \/>\n\t<meta name=\"twitter:label2\" content=\"Dur\u00e9e de lecture estim\u00e9e\" \/>\n\t<meta name=\"twitter:data2\" content=\"2 minutes\" \/>\n<script type=\"application\/ld+json\" class=\"yoast-schema-graph\">{\"@context\":\"https:\/\/schema.org\",\"@graph\":[{\"@type\":\"Article\",\"@id\":\"https:\/\/icm.catholique.fr\/cheminsdedialogue\/chemins-de-dialogue-n9-artisans-de-paix-1997\/#article\",\"isPartOf\":{\"@id\":\"https:\/\/icm.catholique.fr\/cheminsdedialogue\/chemins-de-dialogue-n9-artisans-de-paix-1997\/\"},\"author\":{\"name\":\"CDD13\",\"@id\":\"https:\/\/icm.catholique.fr\/cheminsdedialogue\/#\/schema\/person\/c8c956c7eda0581bfe4fcabb6ddac401\"},\"headline\":\"Revue n\u00b009 &#8211; Artisans de paix\",\"datePublished\":\"1997-06-02T10:10:52+00:00\",\"dateModified\":\"2021-02-15T00:34:40+00:00\",\"mainEntityOfPage\":{\"@id\":\"https:\/\/icm.catholique.fr\/cheminsdedialogue\/chemins-de-dialogue-n9-artisans-de-paix-1997\/\"},\"wordCount\":391,\"commentCount\":0,\"publisher\":{\"@id\":\"https:\/\/icm.catholique.fr\/cheminsdedialogue\/#organization\"},\"articleSection\":[\"Les Revues\"],\"inLanguage\":\"fr-FR\",\"potentialAction\":[{\"@type\":\"CommentAction\",\"name\":\"Comment\",\"target\":[\"https:\/\/icm.catholique.fr\/cheminsdedialogue\/chemins-de-dialogue-n9-artisans-de-paix-1997\/#respond\"]}]},{\"@type\":\"WebPage\",\"@id\":\"https:\/\/icm.catholique.fr\/cheminsdedialogue\/chemins-de-dialogue-n9-artisans-de-paix-1997\/\",\"url\":\"https:\/\/icm.catholique.fr\/cheminsdedialogue\/chemins-de-dialogue-n9-artisans-de-paix-1997\/\",\"name\":\"Revue n\u00b009 - Artisans de paix - Chemins de Dialogue\",\"isPartOf\":{\"@id\":\"https:\/\/icm.catholique.fr\/cheminsdedialogue\/#website\"},\"datePublished\":\"1997-06-02T10:10:52+00:00\",\"dateModified\":\"2021-02-15T00:34:40+00:00\",\"breadcrumb\":{\"@id\":\"https:\/\/icm.catholique.fr\/cheminsdedialogue\/chemins-de-dialogue-n9-artisans-de-paix-1997\/#breadcrumb\"},\"inLanguage\":\"fr-FR\",\"potentialAction\":[{\"@type\":\"ReadAction\",\"target\":[\"https:\/\/icm.catholique.fr\/cheminsdedialogue\/chemins-de-dialogue-n9-artisans-de-paix-1997\/\"]}]},{\"@type\":\"BreadcrumbList\",\"@id\":\"https:\/\/icm.catholique.fr\/cheminsdedialogue\/chemins-de-dialogue-n9-artisans-de-paix-1997\/#breadcrumb\",\"itemListElement\":[{\"@type\":\"ListItem\",\"position\":1,\"name\":\"Accueil\",\"item\":\"https:\/\/icm.catholique.fr\/cheminsdedialogue\/\"},{\"@type\":\"ListItem\",\"position\":2,\"name\":\"Revue n\u00b009 &#8211; Artisans de paix\"}]},{\"@type\":\"WebSite\",\"@id\":\"https:\/\/icm.catholique.fr\/cheminsdedialogue\/#website\",\"url\":\"https:\/\/icm.catholique.fr\/cheminsdedialogue\/\",\"name\":\"Chemins de Dialogue\",\"description\":\"\",\"publisher\":{\"@id\":\"https:\/\/icm.catholique.fr\/cheminsdedialogue\/#organization\"},\"potentialAction\":[{\"@type\":\"SearchAction\",\"target\":{\"@type\":\"EntryPoint\",\"urlTemplate\":\"https:\/\/icm.catholique.fr\/cheminsdedialogue\/?s={search_term_string}\"},\"query-input\":\"required name=search_term_string\"}],\"inLanguage\":\"fr-FR\"},{\"@type\":\"Organization\",\"@id\":\"https:\/\/icm.catholique.fr\/cheminsdedialogue\/#organization\",\"name\":\"Association Chemins de Dialogue\",\"url\":\"https:\/\/icm.catholique.fr\/cheminsdedialogue\/\",\"logo\":{\"@type\":\"ImageObject\",\"inLanguage\":\"fr-FR\",\"@id\":\"https:\/\/icm.catholique.fr\/cheminsdedialogue\/#\/schema\/logo\/image\/\",\"url\":\"https:\/\/icm.catholique.fr\/cheminsdedialogue\/wp-content\/uploads\/2018\/11\/colombe-2.png\",\"contentUrl\":\"https:\/\/icm.catholique.fr\/cheminsdedialogue\/wp-content\/uploads\/2018\/11\/colombe-2.png\",\"width\":318,\"height\":201,\"caption\":\"Association Chemins de Dialogue\"},\"image\":{\"@id\":\"https:\/\/icm.catholique.fr\/cheminsdedialogue\/#\/schema\/logo\/image\/\"}},{\"@type\":\"Person\",\"@id\":\"https:\/\/icm.catholique.fr\/cheminsdedialogue\/#\/schema\/person\/c8c956c7eda0581bfe4fcabb6ddac401\",\"name\":\"CDD13\",\"image\":{\"@type\":\"ImageObject\",\"inLanguage\":\"fr-FR\",\"@id\":\"https:\/\/icm.catholique.fr\/cheminsdedialogue\/#\/schema\/person\/image\/\",\"url\":\"https:\/\/secure.gravatar.com\/avatar\/e883cf44ac9ef5022cf56056f957bcf0?s=96&d=mm&r=g\",\"contentUrl\":\"https:\/\/secure.gravatar.com\/avatar\/e883cf44ac9ef5022cf56056f957bcf0?s=96&d=mm&r=g\",\"caption\":\"CDD13\"},\"url\":\"https:\/\/icm.catholique.fr\/cheminsdedialogue\/author\/cdd13\/\"}]}<\/script>\n<!-- \/ Yoast SEO plugin. -->","yoast_head_json":{"title":"Revue n\u00b009 - Artisans de paix - Chemins de Dialogue","robots":{"index":"index","follow":"follow","max-snippet":"max-snippet:-1","max-image-preview":"max-image-preview:large","max-video-preview":"max-video-preview:-1"},"canonical":"https:\/\/icm.catholique.fr\/cheminsdedialogue\/chemins-de-dialogue-n9-artisans-de-paix-1997\/","og_locale":"fr_FR","og_type":"article","og_title":"Revue n\u00b009 - Artisans de paix - Chemins de Dialogue","og_description":"20 \u20ac \u00abHeureux les artisans de paix !\u00bb Si \u00abla Paix est le nom de Dieu\u00bb, comme nous l\u2019a rappele\u0301, en octobre dernier, la communaute\u0301 \"Revue n\u00b009 &#8211; Artisans de paix\"","og_url":"https:\/\/icm.catholique.fr\/cheminsdedialogue\/chemins-de-dialogue-n9-artisans-de-paix-1997\/","og_site_name":"Chemins de Dialogue","article_published_time":"1997-06-02T10:10:52+00:00","article_modified_time":"2021-02-15T00:34:40+00:00","og_image":[{"width":991,"height":1300,"url":"https:\/\/icm.catholique.fr\/cheminsdedialogue\/wp-content\/uploads\/2015\/12\/2008-01-10-15.23.20.jpg","type":"image\/jpeg"}],"author":"CDD13","twitter_card":"summary_large_image","twitter_misc":{"\u00c9crit par":"CDD13","Dur\u00e9e de lecture estim\u00e9e":"2 minutes"},"schema":{"@context":"https:\/\/schema.org","@graph":[{"@type":"Article","@id":"https:\/\/icm.catholique.fr\/cheminsdedialogue\/chemins-de-dialogue-n9-artisans-de-paix-1997\/#article","isPartOf":{"@id":"https:\/\/icm.catholique.fr\/cheminsdedialogue\/chemins-de-dialogue-n9-artisans-de-paix-1997\/"},"author":{"name":"CDD13","@id":"https:\/\/icm.catholique.fr\/cheminsdedialogue\/#\/schema\/person\/c8c956c7eda0581bfe4fcabb6ddac401"},"headline":"Revue n\u00b009 &#8211; Artisans de paix","datePublished":"1997-06-02T10:10:52+00:00","dateModified":"2021-02-15T00:34:40+00:00","mainEntityOfPage":{"@id":"https:\/\/icm.catholique.fr\/cheminsdedialogue\/chemins-de-dialogue-n9-artisans-de-paix-1997\/"},"wordCount":391,"commentCount":0,"publisher":{"@id":"https:\/\/icm.catholique.fr\/cheminsdedialogue\/#organization"},"articleSection":["Les Revues"],"inLanguage":"fr-FR","potentialAction":[{"@type":"CommentAction","name":"Comment","target":["https:\/\/icm.catholique.fr\/cheminsdedialogue\/chemins-de-dialogue-n9-artisans-de-paix-1997\/#respond"]}]},{"@type":"WebPage","@id":"https:\/\/icm.catholique.fr\/cheminsdedialogue\/chemins-de-dialogue-n9-artisans-de-paix-1997\/","url":"https:\/\/icm.catholique.fr\/cheminsdedialogue\/chemins-de-dialogue-n9-artisans-de-paix-1997\/","name":"Revue n\u00b009 - Artisans de paix - Chemins de Dialogue","isPartOf":{"@id":"https:\/\/icm.catholique.fr\/cheminsdedialogue\/#website"},"datePublished":"1997-06-02T10:10:52+00:00","dateModified":"2021-02-15T00:34:40+00:00","breadcrumb":{"@id":"https:\/\/icm.catholique.fr\/cheminsdedialogue\/chemins-de-dialogue-n9-artisans-de-paix-1997\/#breadcrumb"},"inLanguage":"fr-FR","potentialAction":[{"@type":"ReadAction","target":["https:\/\/icm.catholique.fr\/cheminsdedialogue\/chemins-de-dialogue-n9-artisans-de-paix-1997\/"]}]},{"@type":"BreadcrumbList","@id":"https:\/\/icm.catholique.fr\/cheminsdedialogue\/chemins-de-dialogue-n9-artisans-de-paix-1997\/#breadcrumb","itemListElement":[{"@type":"ListItem","position":1,"name":"Accueil","item":"https:\/\/icm.catholique.fr\/cheminsdedialogue\/"},{"@type":"ListItem","position":2,"name":"Revue n\u00b009 &#8211; Artisans de paix"}]},{"@type":"WebSite","@id":"https:\/\/icm.catholique.fr\/cheminsdedialogue\/#website","url":"https:\/\/icm.catholique.fr\/cheminsdedialogue\/","name":"Chemins de Dialogue","description":"","publisher":{"@id":"https:\/\/icm.catholique.fr\/cheminsdedialogue\/#organization"},"potentialAction":[{"@type":"SearchAction","target":{"@type":"EntryPoint","urlTemplate":"https:\/\/icm.catholique.fr\/cheminsdedialogue\/?s={search_term_string}"},"query-input":"required name=search_term_string"}],"inLanguage":"fr-FR"},{"@type":"Organization","@id":"https:\/\/icm.catholique.fr\/cheminsdedialogue\/#organization","name":"Association Chemins de Dialogue","url":"https:\/\/icm.catholique.fr\/cheminsdedialogue\/","logo":{"@type":"ImageObject","inLanguage":"fr-FR","@id":"https:\/\/icm.catholique.fr\/cheminsdedialogue\/#\/schema\/logo\/image\/","url":"https:\/\/icm.catholique.fr\/cheminsdedialogue\/wp-content\/uploads\/2018\/11\/colombe-2.png","contentUrl":"https:\/\/icm.catholique.fr\/cheminsdedialogue\/wp-content\/uploads\/2018\/11\/colombe-2.png","width":318,"height":201,"caption":"Association Chemins de Dialogue"},"image":{"@id":"https:\/\/icm.catholique.fr\/cheminsdedialogue\/#\/schema\/logo\/image\/"}},{"@type":"Person","@id":"https:\/\/icm.catholique.fr\/cheminsdedialogue\/#\/schema\/person\/c8c956c7eda0581bfe4fcabb6ddac401","name":"CDD13","image":{"@type":"ImageObject","inLanguage":"fr-FR","@id":"https:\/\/icm.catholique.fr\/cheminsdedialogue\/#\/schema\/person\/image\/","url":"https:\/\/secure.gravatar.com\/avatar\/e883cf44ac9ef5022cf56056f957bcf0?s=96&d=mm&r=g","contentUrl":"https:\/\/secure.gravatar.com\/avatar\/e883cf44ac9ef5022cf56056f957bcf0?s=96&d=mm&r=g","caption":"CDD13"},"url":"https:\/\/icm.catholique.fr\/cheminsdedialogue\/author\/cdd13\/"}]}},"_links":{"self":[{"href":"https:\/\/icm.catholique.fr\/cheminsdedialogue\/wp-json\/wp\/v2\/posts\/395"}],"collection":[{"href":"https:\/\/icm.catholique.fr\/cheminsdedialogue\/wp-json\/wp\/v2\/posts"}],"about":[{"href":"https:\/\/icm.catholique.fr\/cheminsdedialogue\/wp-json\/wp\/v2\/types\/post"}],"author":[{"embeddable":true,"href":"https:\/\/icm.catholique.fr\/cheminsdedialogue\/wp-json\/wp\/v2\/users\/1"}],"replies":[{"embeddable":true,"href":"https:\/\/icm.catholique.fr\/cheminsdedialogue\/wp-json\/wp\/v2\/comments?post=395"}],"version-history":[{"count":5,"href":"https:\/\/icm.catholique.fr\/cheminsdedialogue\/wp-json\/wp\/v2\/posts\/395\/revisions"}],"predecessor-version":[{"id":4953,"href":"https:\/\/icm.catholique.fr\/cheminsdedialogue\/wp-json\/wp\/v2\/posts\/395\/revisions\/4953"}],"wp:featuredmedia":[{"embeddable":true,"href":"https:\/\/icm.catholique.fr\/cheminsdedialogue\/wp-json\/wp\/v2\/media\/4615"}],"wp:attachment":[{"href":"https:\/\/icm.catholique.fr\/cheminsdedialogue\/wp-json\/wp\/v2\/media?parent=395"}],"wp:term":[{"taxonomy":"category","embeddable":true,"href":"https:\/\/icm.catholique.fr\/cheminsdedialogue\/wp-json\/wp\/v2\/categories?post=395"},{"taxonomy":"post_tag","embeddable":true,"href":"https:\/\/icm.catholique.fr\/cheminsdedialogue\/wp-json\/wp\/v2\/tags?post=395"}],"curies":[{"name":"wp","href":"https:\/\/api.w.org\/{rel}","templated":true}]}}