{"id":3781,"date":"2020-03-10T11:57:50","date_gmt":"2020-03-10T10:57:50","guid":{"rendered":"http:\/\/icm.catholique.fr\/cheminsdedialogue\/?p=3781"},"modified":"2025-07-03T09:53:23","modified_gmt":"2025-07-03T07:53:23","slug":"violences-religions-christian-salenson-et-dominique-santelli","status":"publish","type":"post","link":"https:\/\/icm.catholique.fr\/cheminsdedialogue\/violences-religions-christian-salenson-et-dominique-santelli\/","title":{"rendered":"Violences &#038; Religions &#8211; Christian Salenson et Dominique Santelli"},"content":{"rendered":"\t\t<div data-elementor-type=\"wp-post\" data-elementor-id=\"3781\" class=\"elementor elementor-3781\">\n\t\t\t\t\t\t\t\t\t<section class=\"elementor-section elementor-top-section elementor-element elementor-element-0ed7455 elementor-section-boxed elementor-section-height-default elementor-section-height-default\" data-id=\"0ed7455\" data-element_type=\"section\">\n\t\t\t\t\t\t<div class=\"elementor-container elementor-column-gap-default\">\n\t\t\t\t\t<div class=\"elementor-column elementor-col-33 elementor-top-column elementor-element elementor-element-1802d3c\" data-id=\"1802d3c\" data-element_type=\"column\">\n\t\t\t<div class=\"elementor-widget-wrap elementor-element-populated\">\n\t\t\t\t\t\t\t\t<div class=\"elementor-element elementor-element-8ebdb02 elementor-widget elementor-widget-image\" data-id=\"8ebdb02\" data-element_type=\"widget\" data-widget_type=\"image.default\">\n\t\t\t\t<div class=\"elementor-widget-container\">\n\t\t\t\t\t\t\t\t\t\t\t\t\t\t\t<img decoding=\"async\" loading=\"lazy\" width=\"725\" height=\"980\" src=\"https:\/\/icm.catholique.fr\/cheminsdedialogue\/wp-content\/uploads\/2020\/03\/image-1.png\" class=\"attachment-large size-large wp-image-3783\" alt=\"\" srcset=\"https:\/\/icm.catholique.fr\/cheminsdedialogue\/wp-content\/uploads\/2020\/03\/image-1.png 725w, https:\/\/icm.catholique.fr\/cheminsdedialogue\/wp-content\/uploads\/2020\/03\/image-1-222x300.png 222w\" sizes=\"(max-width: 725px) 100vw, 725px\" \/>\t\t\t\t\t\t\t\t\t\t\t\t\t\t\t<\/div>\n\t\t\t\t<\/div>\n\t\t\t\t\t<\/div>\n\t\t<\/div>\n\t\t\t\t<div class=\"elementor-column elementor-col-66 elementor-top-column elementor-element elementor-element-f5f7322\" data-id=\"f5f7322\" data-element_type=\"column\">\n\t\t\t<div class=\"elementor-widget-wrap elementor-element-populated\">\n\t\t\t\t\t\t\t\t<div class=\"elementor-element elementor-element-2edf1cf elementor-widget elementor-widget-text-editor\" data-id=\"2edf1cf\" data-element_type=\"widget\" data-widget_type=\"text-editor.default\">\n\t\t\t\t<div class=\"elementor-widget-container\">\n\t\t\t\t\t\t\t<p><span style=\"font-size: 14px;\"><span class=\"JsGRdQ\" style=\"font-weight: 400; color: #1b1b1b;\">\u00a0<\/span><span style=\"font-family: arial, helvetica, sans-serif;\"><span class=\"JsGRdQ\" style=\"font-weight: 400; color: #1b1b1b;\">Ce livre est le fruit d\u2019une session sur l\u2019enseignement des faits religieux ayant pour sujet le rapport entre violences et religions. Si depuis la p\u00e9riode moderne, il est de bon ton de leur imputer l\u2019origine de la violence, il est de la responsabilit\u00e9 de l\u2019\u00e9cole de former \u00e0 l&rsquo;esprit critique. Cet ouvrage examine la place des religions dans les conflits, parfois \u00e0 leur source, plus souvent comme un facteur aggravant, en l\u00e9gitimant les conflits, en h\u00e9ro\u00efcisant ses acteurs, en faisant appel \u00e0 l&rsquo;Absolu. Mais la violence religieuse la plus forte est probablement celle qui est interne aux religions elles-m\u00eames. Inversement, les religions et les croyants \u00e0 leur tour peuvent \u00eatre victimes de la violence.<\/span><span class=\"JsGRdQ white-space-prewrap\" style=\"font-weight: 400; color: #1b1b1b;\">\u00a0<\/span><\/span><\/span><\/p><p><span class=\"JsGRdQ white-space-prewrap\" style=\"font-weight: 400; color: #1b1b1b; font-size: 14px; font-family: arial, helvetica, sans-serif;\"><span class=\"JsGRdQ\" style=\"font-weight: 400;\">Notre si\u00e8cle en sait quelque chose : Shoah, Rohingas, la\u00efcisme, etc. Les religions participent aussi \u00e0 la paix par le dialogue interreligieux, l\u2019humanisme et int\u00e9riorit\u00e9 qu\u2019elles proposent \u00e0 leurs adeptes, etc. L\u2019enseignement des faits religieux offre la possibilit\u00e9 de r\u00e9fl\u00e9chir avec les \u00e9l\u00e8ves \u00e0 la violence et \u00e0 ses causes, \u00e0 la responsabilit\u00e9 propre des religions et \u00e0 leur instrumentalisation politique.<\/span><\/span><\/p><p><span style=\"font-family: arial, helvetica, sans-serif; font-size: 14px;\">____________________<\/span><\/p><p><em><span style=\"font-family: arial, helvetica, sans-serif; font-size: 14px;\">Publi\u00e9 en mars 2020<\/span><\/em><\/p><p><em><span style=\"font-family: arial, helvetica, sans-serif; font-size: 14px;\"><span class=\"JsGRdQ white-space-prewrap\" style=\"font-weight: 400; color: #1b1b1b;\"><span class=\"JsGRdQ\" style=\"font-weight: 400;\">254 pages &#8211; 15 x 20 cm &#8211; 18\u20ac<\/span><\/span><\/span><\/em><\/p>\t\t\t\t\t\t<\/div>\n\t\t\t\t<\/div>\n\t\t\t\t\t<\/div>\n\t\t<\/div>\n\t\t\t\t\t\t\t<\/div>\n\t\t<\/section>\n\t\t\t\t<section class=\"elementor-section elementor-top-section elementor-element elementor-element-187cd0c elementor-section-boxed elementor-section-height-default elementor-section-height-default\" data-id=\"187cd0c\" data-element_type=\"section\">\n\t\t\t\t\t\t<div class=\"elementor-container elementor-column-gap-default\">\n\t\t\t\t\t<div class=\"elementor-column elementor-col-100 elementor-top-column elementor-element elementor-element-354043b\" data-id=\"354043b\" data-element_type=\"column\">\n\t\t\t<div class=\"elementor-widget-wrap elementor-element-populated\">\n\t\t\t\t\t\t\t\t<div class=\"elementor-element elementor-element-e298899 elementor-align-center elementor-widget elementor-widget-button\" data-id=\"e298899\" data-element_type=\"widget\" data-settings=\"{&quot;_animation&quot;:&quot;none&quot;}\" data-widget_type=\"button.default\">\n\t\t\t\t<div class=\"elementor-widget-container\">\n\t\t\t\t\t<div class=\"elementor-button-wrapper\">\n\t\t\t<a class=\"elementor-button elementor-button-link elementor-size-md\" href=\"https:\/\/www.helloasso.com\/associations\/association-chemins-de-dialogue\/evenements\/face-a-la-crise-climatique-2\" target=\"_blank\">\n\t\t\t\t\t\t<span class=\"elementor-button-content-wrapper\">\n\t\t\t\t\t\t<span class=\"elementor-button-text\">Acheter le livre<\/span>\n\t\t<\/span>\n\t\t\t\t\t<\/a>\n\t\t<\/div>\n\t\t\t\t<\/div>\n\t\t\t\t<\/div>\n\t\t\t\t\t<\/div>\n\t\t<\/div>\n\t\t\t\t\t\t\t<\/div>\n\t\t<\/section>\n\t\t\t\t\t\t\t<\/div>\n\t\t","protected":false},"excerpt":{"rendered":"<p>\u00a0Ce livre est le fruit d\u2019une session sur l\u2019enseignement des faits religieux ayant pour sujet le rapport entre violences et religions. Si depuis la p\u00e9riode<a href=\"https:\/\/icm.catholique.fr\/cheminsdedialogue\/violences-religions-christian-salenson-et-dominique-santelli\/\" class=\"more-link\"><span class=\"screen-reader-text\"> \u00ab\u00a0Violences &#038; Religions &#8211; Christian Salenson et Dominique Santelli\u00a0\u00bb<\/span><\/a><\/p>\n","protected":false},"author":1,"featured_media":3783,"comment_status":"open","ping_status":"open","sticky":false,"template":"","format":"standard","meta":{"_mi_skip_tracking":false,"footnotes":""},"categories":[3],"tags":[11],"yoast_head":"<!-- This site is optimized with the Yoast SEO plugin v21.4 - https:\/\/yoast.com\/wordpress\/plugins\/seo\/ -->\n<title>Violences &amp; Religions - Christian Salenson et Dominique Santelli - Chemins de Dialogue<\/title>\n<meta name=\"robots\" content=\"index, follow, max-snippet:-1, max-image-preview:large, max-video-preview:-1\" \/>\n<link rel=\"canonical\" href=\"https:\/\/icm.catholique.fr\/cheminsdedialogue\/violences-religions-christian-salenson-et-dominique-santelli\/\" \/>\n<meta property=\"og:locale\" content=\"fr_FR\" \/>\n<meta property=\"og:type\" content=\"article\" \/>\n<meta property=\"og:title\" content=\"Violences &amp; Religions - Christian Salenson et Dominique Santelli - Chemins de Dialogue\" \/>\n<meta property=\"og:description\" content=\"\u00a0Ce livre est le fruit d\u2019une session sur l\u2019enseignement des faits religieux ayant pour sujet le rapport entre violences et religions. Si depuis la p\u00e9riode &quot;Violences &#038; Religions &#8211; Christian Salenson et Dominique Santelli&quot;\" \/>\n<meta property=\"og:url\" content=\"https:\/\/icm.catholique.fr\/cheminsdedialogue\/violences-religions-christian-salenson-et-dominique-santelli\/\" \/>\n<meta property=\"og:site_name\" content=\"Chemins de Dialogue\" \/>\n<meta property=\"article:published_time\" content=\"2020-03-10T10:57:50+00:00\" \/>\n<meta property=\"article:modified_time\" content=\"2025-07-03T07:53:23+00:00\" \/>\n<meta property=\"og:image\" content=\"https:\/\/icm.catholique.fr\/cheminsdedialogue\/wp-content\/uploads\/2020\/03\/image-1.png\" \/>\n\t<meta property=\"og:image:width\" content=\"725\" \/>\n\t<meta property=\"og:image:height\" content=\"980\" \/>\n\t<meta property=\"og:image:type\" content=\"image\/png\" \/>\n<meta name=\"author\" content=\"CDD13\" \/>\n<meta name=\"twitter:card\" content=\"summary_large_image\" \/>\n<meta name=\"twitter:label1\" content=\"\u00c9crit par\" \/>\n\t<meta name=\"twitter:data1\" content=\"CDD13\" \/>\n\t<meta name=\"twitter:label2\" content=\"Dur\u00e9e de lecture estim\u00e9e\" \/>\n\t<meta name=\"twitter:data2\" content=\"2 minutes\" \/>\n<script type=\"application\/ld+json\" class=\"yoast-schema-graph\">{\"@context\":\"https:\/\/schema.org\",\"@graph\":[{\"@type\":\"Article\",\"@id\":\"https:\/\/icm.catholique.fr\/cheminsdedialogue\/violences-religions-christian-salenson-et-dominique-santelli\/#article\",\"isPartOf\":{\"@id\":\"https:\/\/icm.catholique.fr\/cheminsdedialogue\/violences-religions-christian-salenson-et-dominique-santelli\/\"},\"author\":{\"name\":\"CDD13\",\"@id\":\"https:\/\/icm.catholique.fr\/cheminsdedialogue\/#\/schema\/person\/c8c956c7eda0581bfe4fcabb6ddac401\"},\"headline\":\"Violences &#038; Religions &#8211; Christian Salenson et Dominique Santelli\",\"datePublished\":\"2020-03-10T10:57:50+00:00\",\"dateModified\":\"2025-07-03T07:53:23+00:00\",\"mainEntityOfPage\":{\"@id\":\"https:\/\/icm.catholique.fr\/cheminsdedialogue\/violences-religions-christian-salenson-et-dominique-santelli\/\"},\"wordCount\":201,\"commentCount\":0,\"publisher\":{\"@id\":\"https:\/\/icm.catholique.fr\/cheminsdedialogue\/#organization\"},\"keywords\":[\"publications\"],\"articleSection\":[\"Publications\"],\"inLanguage\":\"fr-FR\",\"potentialAction\":[{\"@type\":\"CommentAction\",\"name\":\"Comment\",\"target\":[\"https:\/\/icm.catholique.fr\/cheminsdedialogue\/violences-religions-christian-salenson-et-dominique-santelli\/#respond\"]}]},{\"@type\":\"WebPage\",\"@id\":\"https:\/\/icm.catholique.fr\/cheminsdedialogue\/violences-religions-christian-salenson-et-dominique-santelli\/\",\"url\":\"https:\/\/icm.catholique.fr\/cheminsdedialogue\/violences-religions-christian-salenson-et-dominique-santelli\/\",\"name\":\"Violences & Religions - Christian Salenson et Dominique Santelli - Chemins de Dialogue\",\"isPartOf\":{\"@id\":\"https:\/\/icm.catholique.fr\/cheminsdedialogue\/#website\"},\"datePublished\":\"2020-03-10T10:57:50+00:00\",\"dateModified\":\"2025-07-03T07:53:23+00:00\",\"breadcrumb\":{\"@id\":\"https:\/\/icm.catholique.fr\/cheminsdedialogue\/violences-religions-christian-salenson-et-dominique-santelli\/#breadcrumb\"},\"inLanguage\":\"fr-FR\",\"potentialAction\":[{\"@type\":\"ReadAction\",\"target\":[\"https:\/\/icm.catholique.fr\/cheminsdedialogue\/violences-religions-christian-salenson-et-dominique-santelli\/\"]}]},{\"@type\":\"BreadcrumbList\",\"@id\":\"https:\/\/icm.catholique.fr\/cheminsdedialogue\/violences-religions-christian-salenson-et-dominique-santelli\/#breadcrumb\",\"itemListElement\":[{\"@type\":\"ListItem\",\"position\":1,\"name\":\"Accueil\",\"item\":\"https:\/\/icm.catholique.fr\/cheminsdedialogue\/\"},{\"@type\":\"ListItem\",\"position\":2,\"name\":\"Violences &#038; Religions &#8211; Christian Salenson et Dominique Santelli\"}]},{\"@type\":\"WebSite\",\"@id\":\"https:\/\/icm.catholique.fr\/cheminsdedialogue\/#website\",\"url\":\"https:\/\/icm.catholique.fr\/cheminsdedialogue\/\",\"name\":\"Chemins de Dialogue\",\"description\":\"\",\"publisher\":{\"@id\":\"https:\/\/icm.catholique.fr\/cheminsdedialogue\/#organization\"},\"potentialAction\":[{\"@type\":\"SearchAction\",\"target\":{\"@type\":\"EntryPoint\",\"urlTemplate\":\"https:\/\/icm.catholique.fr\/cheminsdedialogue\/?s={search_term_string}\"},\"query-input\":\"required name=search_term_string\"}],\"inLanguage\":\"fr-FR\"},{\"@type\":\"Organization\",\"@id\":\"https:\/\/icm.catholique.fr\/cheminsdedialogue\/#organization\",\"name\":\"Association Chemins de Dialogue\",\"url\":\"https:\/\/icm.catholique.fr\/cheminsdedialogue\/\",\"logo\":{\"@type\":\"ImageObject\",\"inLanguage\":\"fr-FR\",\"@id\":\"https:\/\/icm.catholique.fr\/cheminsdedialogue\/#\/schema\/logo\/image\/\",\"url\":\"https:\/\/icm.catholique.fr\/cheminsdedialogue\/wp-content\/uploads\/2018\/11\/colombe-2.png\",\"contentUrl\":\"https:\/\/icm.catholique.fr\/cheminsdedialogue\/wp-content\/uploads\/2018\/11\/colombe-2.png\",\"width\":318,\"height\":201,\"caption\":\"Association Chemins de Dialogue\"},\"image\":{\"@id\":\"https:\/\/icm.catholique.fr\/cheminsdedialogue\/#\/schema\/logo\/image\/\"}},{\"@type\":\"Person\",\"@id\":\"https:\/\/icm.catholique.fr\/cheminsdedialogue\/#\/schema\/person\/c8c956c7eda0581bfe4fcabb6ddac401\",\"name\":\"CDD13\",\"image\":{\"@type\":\"ImageObject\",\"inLanguage\":\"fr-FR\",\"@id\":\"https:\/\/icm.catholique.fr\/cheminsdedialogue\/#\/schema\/person\/image\/\",\"url\":\"https:\/\/secure.gravatar.com\/avatar\/e883cf44ac9ef5022cf56056f957bcf0?s=96&d=mm&r=g\",\"contentUrl\":\"https:\/\/secure.gravatar.com\/avatar\/e883cf44ac9ef5022cf56056f957bcf0?s=96&d=mm&r=g\",\"caption\":\"CDD13\"},\"url\":\"https:\/\/icm.catholique.fr\/cheminsdedialogue\/author\/cdd13\/\"}]}<\/script>\n<!-- \/ Yoast SEO plugin. -->","yoast_head_json":{"title":"Violences & Religions - Christian Salenson et Dominique Santelli - Chemins de Dialogue","robots":{"index":"index","follow":"follow","max-snippet":"max-snippet:-1","max-image-preview":"max-image-preview:large","max-video-preview":"max-video-preview:-1"},"canonical":"https:\/\/icm.catholique.fr\/cheminsdedialogue\/violences-religions-christian-salenson-et-dominique-santelli\/","og_locale":"fr_FR","og_type":"article","og_title":"Violences & Religions - Christian Salenson et Dominique Santelli - Chemins de Dialogue","og_description":"\u00a0Ce livre est le fruit d\u2019une session sur l\u2019enseignement des faits religieux ayant pour sujet le rapport entre violences et religions. Si depuis la p\u00e9riode \"Violences &#038; Religions &#8211; Christian Salenson et Dominique Santelli\"","og_url":"https:\/\/icm.catholique.fr\/cheminsdedialogue\/violences-religions-christian-salenson-et-dominique-santelli\/","og_site_name":"Chemins de Dialogue","article_published_time":"2020-03-10T10:57:50+00:00","article_modified_time":"2025-07-03T07:53:23+00:00","og_image":[{"width":725,"height":980,"url":"https:\/\/icm.catholique.fr\/cheminsdedialogue\/wp-content\/uploads\/2020\/03\/image-1.png","type":"image\/png"}],"author":"CDD13","twitter_card":"summary_large_image","twitter_misc":{"\u00c9crit par":"CDD13","Dur\u00e9e de lecture estim\u00e9e":"2 minutes"},"schema":{"@context":"https:\/\/schema.org","@graph":[{"@type":"Article","@id":"https:\/\/icm.catholique.fr\/cheminsdedialogue\/violences-religions-christian-salenson-et-dominique-santelli\/#article","isPartOf":{"@id":"https:\/\/icm.catholique.fr\/cheminsdedialogue\/violences-religions-christian-salenson-et-dominique-santelli\/"},"author":{"name":"CDD13","@id":"https:\/\/icm.catholique.fr\/cheminsdedialogue\/#\/schema\/person\/c8c956c7eda0581bfe4fcabb6ddac401"},"headline":"Violences &#038; Religions &#8211; Christian Salenson et Dominique Santelli","datePublished":"2020-03-10T10:57:50+00:00","dateModified":"2025-07-03T07:53:23+00:00","mainEntityOfPage":{"@id":"https:\/\/icm.catholique.fr\/cheminsdedialogue\/violences-religions-christian-salenson-et-dominique-santelli\/"},"wordCount":201,"commentCount":0,"publisher":{"@id":"https:\/\/icm.catholique.fr\/cheminsdedialogue\/#organization"},"keywords":["publications"],"articleSection":["Publications"],"inLanguage":"fr-FR","potentialAction":[{"@type":"CommentAction","name":"Comment","target":["https:\/\/icm.catholique.fr\/cheminsdedialogue\/violences-religions-christian-salenson-et-dominique-santelli\/#respond"]}]},{"@type":"WebPage","@id":"https:\/\/icm.catholique.fr\/cheminsdedialogue\/violences-religions-christian-salenson-et-dominique-santelli\/","url":"https:\/\/icm.catholique.fr\/cheminsdedialogue\/violences-religions-christian-salenson-et-dominique-santelli\/","name":"Violences & Religions - Christian Salenson et Dominique Santelli - Chemins de Dialogue","isPartOf":{"@id":"https:\/\/icm.catholique.fr\/cheminsdedialogue\/#website"},"datePublished":"2020-03-10T10:57:50+00:00","dateModified":"2025-07-03T07:53:23+00:00","breadcrumb":{"@id":"https:\/\/icm.catholique.fr\/cheminsdedialogue\/violences-religions-christian-salenson-et-dominique-santelli\/#breadcrumb"},"inLanguage":"fr-FR","potentialAction":[{"@type":"ReadAction","target":["https:\/\/icm.catholique.fr\/cheminsdedialogue\/violences-religions-christian-salenson-et-dominique-santelli\/"]}]},{"@type":"BreadcrumbList","@id":"https:\/\/icm.catholique.fr\/cheminsdedialogue\/violences-religions-christian-salenson-et-dominique-santelli\/#breadcrumb","itemListElement":[{"@type":"ListItem","position":1,"name":"Accueil","item":"https:\/\/icm.catholique.fr\/cheminsdedialogue\/"},{"@type":"ListItem","position":2,"name":"Violences &#038; Religions &#8211; Christian Salenson et Dominique Santelli"}]},{"@type":"WebSite","@id":"https:\/\/icm.catholique.fr\/cheminsdedialogue\/#website","url":"https:\/\/icm.catholique.fr\/cheminsdedialogue\/","name":"Chemins de Dialogue","description":"","publisher":{"@id":"https:\/\/icm.catholique.fr\/cheminsdedialogue\/#organization"},"potentialAction":[{"@type":"SearchAction","target":{"@type":"EntryPoint","urlTemplate":"https:\/\/icm.catholique.fr\/cheminsdedialogue\/?s={search_term_string}"},"query-input":"required name=search_term_string"}],"inLanguage":"fr-FR"},{"@type":"Organization","@id":"https:\/\/icm.catholique.fr\/cheminsdedialogue\/#organization","name":"Association Chemins de Dialogue","url":"https:\/\/icm.catholique.fr\/cheminsdedialogue\/","logo":{"@type":"ImageObject","inLanguage":"fr-FR","@id":"https:\/\/icm.catholique.fr\/cheminsdedialogue\/#\/schema\/logo\/image\/","url":"https:\/\/icm.catholique.fr\/cheminsdedialogue\/wp-content\/uploads\/2018\/11\/colombe-2.png","contentUrl":"https:\/\/icm.catholique.fr\/cheminsdedialogue\/wp-content\/uploads\/2018\/11\/colombe-2.png","width":318,"height":201,"caption":"Association Chemins de Dialogue"},"image":{"@id":"https:\/\/icm.catholique.fr\/cheminsdedialogue\/#\/schema\/logo\/image\/"}},{"@type":"Person","@id":"https:\/\/icm.catholique.fr\/cheminsdedialogue\/#\/schema\/person\/c8c956c7eda0581bfe4fcabb6ddac401","name":"CDD13","image":{"@type":"ImageObject","inLanguage":"fr-FR","@id":"https:\/\/icm.catholique.fr\/cheminsdedialogue\/#\/schema\/person\/image\/","url":"https:\/\/secure.gravatar.com\/avatar\/e883cf44ac9ef5022cf56056f957bcf0?s=96&d=mm&r=g","contentUrl":"https:\/\/secure.gravatar.com\/avatar\/e883cf44ac9ef5022cf56056f957bcf0?s=96&d=mm&r=g","caption":"CDD13"},"url":"https:\/\/icm.catholique.fr\/cheminsdedialogue\/author\/cdd13\/"}]}},"_links":{"self":[{"href":"https:\/\/icm.catholique.fr\/cheminsdedialogue\/wp-json\/wp\/v2\/posts\/3781"}],"collection":[{"href":"https:\/\/icm.catholique.fr\/cheminsdedialogue\/wp-json\/wp\/v2\/posts"}],"about":[{"href":"https:\/\/icm.catholique.fr\/cheminsdedialogue\/wp-json\/wp\/v2\/types\/post"}],"author":[{"embeddable":true,"href":"https:\/\/icm.catholique.fr\/cheminsdedialogue\/wp-json\/wp\/v2\/users\/1"}],"replies":[{"embeddable":true,"href":"https:\/\/icm.catholique.fr\/cheminsdedialogue\/wp-json\/wp\/v2\/comments?post=3781"}],"version-history":[{"count":20,"href":"https:\/\/icm.catholique.fr\/cheminsdedialogue\/wp-json\/wp\/v2\/posts\/3781\/revisions"}],"predecessor-version":[{"id":7129,"href":"https:\/\/icm.catholique.fr\/cheminsdedialogue\/wp-json\/wp\/v2\/posts\/3781\/revisions\/7129"}],"wp:featuredmedia":[{"embeddable":true,"href":"https:\/\/icm.catholique.fr\/cheminsdedialogue\/wp-json\/wp\/v2\/media\/3783"}],"wp:attachment":[{"href":"https:\/\/icm.catholique.fr\/cheminsdedialogue\/wp-json\/wp\/v2\/media?parent=3781"}],"wp:term":[{"taxonomy":"category","embeddable":true,"href":"https:\/\/icm.catholique.fr\/cheminsdedialogue\/wp-json\/wp\/v2\/categories?post=3781"},{"taxonomy":"post_tag","embeddable":true,"href":"https:\/\/icm.catholique.fr\/cheminsdedialogue\/wp-json\/wp\/v2\/tags?post=3781"}],"curies":[{"name":"wp","href":"https:\/\/api.w.org\/{rel}","templated":true}]}}