{"id":2504,"date":"2018-10-19T16:41:07","date_gmt":"2018-10-19T14:41:07","guid":{"rendered":"http:\/\/icm.catholique.fr\/?p=2504"},"modified":"2025-07-03T10:06:03","modified_gmt":"2025-07-03T08:06:03","slug":"conversations-orientales-sur-lislam-et-le-christianisme","status":"publish","type":"post","link":"https:\/\/icm.catholique.fr\/cheminsdedialogue\/conversations-orientales-sur-lislam-et-le-christianisme\/","title":{"rendered":"Conversations orientales sur l&rsquo;islam et le christianisme &#8211; Mahm\u00fbd Ayy\u00fbb et Georges Khodr"},"content":{"rendered":"\t\t<div data-elementor-type=\"wp-post\" data-elementor-id=\"2504\" class=\"elementor elementor-2504\">\n\t\t\t\t\t\t\t\t\t<section class=\"elementor-section elementor-top-section elementor-element elementor-element-bd98587 elementor-section-boxed elementor-section-height-default elementor-section-height-default\" data-id=\"bd98587\" data-element_type=\"section\">\n\t\t\t\t\t\t<div class=\"elementor-container elementor-column-gap-default\">\n\t\t\t\t\t<div class=\"elementor-column elementor-col-33 elementor-top-column elementor-element elementor-element-58334f3\" data-id=\"58334f3\" data-element_type=\"column\">\n\t\t\t<div class=\"elementor-widget-wrap elementor-element-populated\">\n\t\t\t\t\t\t\t\t<div class=\"elementor-element elementor-element-6bab6e9 elementor-widget elementor-widget-image\" data-id=\"6bab6e9\" data-element_type=\"widget\" data-widget_type=\"image.default\">\n\t\t\t\t<div class=\"elementor-widget-container\">\n\t\t\t\t\t\t\t\t\t\t\t\t\t\t\t<img decoding=\"async\" loading=\"lazy\" width=\"180\" height=\"300\" src=\"https:\/\/icm.catholique.fr\/cheminsdedialogue\/wp-content\/uploads\/2018\/04\/Conversations-couv.jpg\" class=\"attachment-large size-large wp-image-2239\" alt=\"\" \/>\t\t\t\t\t\t\t\t\t\t\t\t\t\t\t<\/div>\n\t\t\t\t<\/div>\n\t\t\t\t\t<\/div>\n\t\t<\/div>\n\t\t\t\t<div class=\"elementor-column elementor-col-66 elementor-top-column elementor-element elementor-element-79c7657\" data-id=\"79c7657\" data-element_type=\"column\">\n\t\t\t<div class=\"elementor-widget-wrap elementor-element-populated\">\n\t\t\t\t\t\t\t\t<div class=\"elementor-element elementor-element-9671ff5 elementor-widget elementor-widget-text-editor\" data-id=\"9671ff5\" data-element_type=\"widget\" data-widget_type=\"text-editor.default\">\n\t\t\t\t<div class=\"elementor-widget-container\">\n\t\t\t\t\t\t\t<p><span style=\"font-family: arial, helvetica, sans-serif; color: #000000; font-size: 14px;\">Trois d\u00e9bats \u00e0 l\u2019universit\u00e9 orthodoxe\u00a0\u2028de Balamand (Liban)<\/span><br \/><span style=\"font-family: arial, helvetica, sans-serif; color: #000000; font-size: 14px;\">Le d\u00e9bat que restitue ce petit livre date de plus de\u00a0vingt ans, puisqu\u2019il s\u2019est tenu en trois journ\u00e9es, les\u00a020, 21 et 22 mai 1996, \u00e0 l\u2019Universit\u00e9 orthodoxe de\u00a0Balamand, au nord du Liban, entre le professeur\u00a0Mahm\u00fbd Ayy\u00fbb, chiite de tradition duod\u00e9cimaine\u00a0et Mgr Georges Khodr, orthodoxe de tradition\u00a0grecque arabis\u00e9e. Mais la qualit\u00e9 des contenus et la\u00a0libert\u00e9 de ton des \u00e9changes posent les bases d\u2019un\u00a0nouvel \u00e9lan pour le dialogue islamo-chr\u00e9tien. Tous\u00a0deux appartenant \u00e0 des communaut\u00e9s minoritaires\u00a0au Liban, leurs entretiens, lib\u00e9r\u00e9s de tout enjeu\u00a0politique, gagnent en franchise et en profondeur.\u00a0C\u2019est ainsi en tous cas que l\u2019avait per\u00e7u le regrett\u00e9\u00a0Maurice Borrmans (1925-2017), de la Soci\u00e9t\u00e9 des\u00a0missionnaires d\u2019Afrique (P\u00e8res Blancs), qui d\u00e9sirait\u00a0ardemment voir aboutir cette nouvelle publication\u00a0dont il avait revu, peu avant sa mort, la traduction,\u00a0les annotations et la pr\u00e9sentation&#8230;<\/span><\/p><p><span style=\"font-family: arial, helvetica, sans-serif; font-size: 14px;\">_______________<\/span><\/p><p><em><span style=\"font-family: arial, helvetica, sans-serif; font-size: 14px;\">Publi\u00e9 en avril 2018<\/span><\/em><\/p><p><em><span style=\"font-family: arial, helvetica, sans-serif; font-size: 14px;\"><span style=\"color: #000000;\">188 pages &#8211; 12 x 20 cm &#8211; 13\u20ac<\/span><\/span><\/em><\/p>\t\t\t\t\t\t<\/div>\n\t\t\t\t<\/div>\n\t\t\t\t\t<\/div>\n\t\t<\/div>\n\t\t\t\t\t\t\t<\/div>\n\t\t<\/section>\n\t\t\t\t<section class=\"elementor-section elementor-top-section elementor-element elementor-element-2232238 elementor-section-boxed elementor-section-height-default elementor-section-height-default\" data-id=\"2232238\" data-element_type=\"section\">\n\t\t\t\t\t\t<div class=\"elementor-container elementor-column-gap-default\">\n\t\t\t\t\t<div class=\"elementor-column elementor-col-100 elementor-top-column elementor-element elementor-element-02b1c59\" data-id=\"02b1c59\" data-element_type=\"column\">\n\t\t\t<div class=\"elementor-widget-wrap elementor-element-populated\">\n\t\t\t\t\t\t\t\t<div class=\"elementor-element elementor-element-71093ca elementor-align-center elementor-widget elementor-widget-button\" data-id=\"71093ca\" data-element_type=\"widget\" data-widget_type=\"button.default\">\n\t\t\t\t<div class=\"elementor-widget-container\">\n\t\t\t\t\t<div class=\"elementor-button-wrapper\">\n\t\t\t<a class=\"elementor-button elementor-button-link elementor-size-md\" href=\"https:\/\/www.helloasso.com\/associations\/association-chemins-de-dialogue\/evenements\/conversations-orientales-sur-l-islam-et-le-christianisme-version-papier\" target=\"_blank\">\n\t\t\t\t\t\t<span class=\"elementor-button-content-wrapper\">\n\t\t\t\t\t\t<span class=\"elementor-button-text\">Acheter le livre<\/span>\n\t\t<\/span>\n\t\t\t\t\t<\/a>\n\t\t<\/div>\n\t\t\t\t<\/div>\n\t\t\t\t<\/div>\n\t\t\t\t\t<\/div>\n\t\t<\/div>\n\t\t\t\t\t\t\t<\/div>\n\t\t<\/section>\n\t\t\t\t\t\t\t<\/div>\n\t\t","protected":false},"excerpt":{"rendered":"<p>Trois d\u00e9bats \u00e0 l\u2019universit\u00e9 orthodoxe\u00a0\u2028de Balamand (Liban)Le d\u00e9bat que restitue ce petit livre date de plus de\u00a0vingt ans, puisqu\u2019il s\u2019est tenu en trois journ\u00e9es, les\u00a020,<a href=\"https:\/\/icm.catholique.fr\/cheminsdedialogue\/conversations-orientales-sur-lislam-et-le-christianisme\/\" class=\"more-link\"><span class=\"screen-reader-text\"> \u00ab\u00a0Conversations orientales sur l&rsquo;islam et le christianisme &#8211; Mahm\u00fbd Ayy\u00fbb et Georges Khodr\u00a0\u00bb<\/span><\/a><\/p>\n","protected":false},"author":1,"featured_media":2239,"comment_status":"open","ping_status":"closed","sticky":false,"template":"","format":"standard","meta":{"_mi_skip_tracking":false,"footnotes":""},"categories":[3],"tags":[],"yoast_head":"<!-- This site is optimized with the Yoast SEO plugin v21.4 - https:\/\/yoast.com\/wordpress\/plugins\/seo\/ -->\n<title>Conversations orientales sur l&#039;islam et le christianisme - Mahm\u00fbd Ayy\u00fbb et Georges Khodr - Chemins de Dialogue<\/title>\n<meta name=\"robots\" content=\"index, follow, max-snippet:-1, max-image-preview:large, max-video-preview:-1\" \/>\n<link rel=\"canonical\" href=\"https:\/\/icm.catholique.fr\/cheminsdedialogue\/conversations-orientales-sur-lislam-et-le-christianisme\/\" \/>\n<meta property=\"og:locale\" content=\"fr_FR\" \/>\n<meta property=\"og:type\" content=\"article\" \/>\n<meta property=\"og:title\" content=\"Conversations orientales sur l&#039;islam et le christianisme - Mahm\u00fbd Ayy\u00fbb et Georges Khodr - Chemins de Dialogue\" \/>\n<meta property=\"og:description\" content=\"Trois d\u00e9bats \u00e0 l\u2019universit\u00e9 orthodoxe\u00a0\u2028de Balamand (Liban)Le d\u00e9bat que restitue ce petit livre date de plus de\u00a0vingt ans, puisqu\u2019il s\u2019est tenu en trois journ\u00e9es, les\u00a020, &quot;Conversations orientales sur l&rsquo;islam et le christianisme &#8211; Mahm\u00fbd Ayy\u00fbb et Georges Khodr&quot;\" \/>\n<meta property=\"og:url\" content=\"https:\/\/icm.catholique.fr\/cheminsdedialogue\/conversations-orientales-sur-lislam-et-le-christianisme\/\" \/>\n<meta property=\"og:site_name\" content=\"Chemins de Dialogue\" \/>\n<meta property=\"article:published_time\" content=\"2018-10-19T14:41:07+00:00\" \/>\n<meta property=\"article:modified_time\" content=\"2025-07-03T08:06:03+00:00\" \/>\n<meta property=\"og:image\" content=\"https:\/\/icm.catholique.fr\/cheminsdedialogue\/wp-content\/uploads\/2018\/04\/Conversations-couv.jpg\" \/>\n\t<meta property=\"og:image:width\" content=\"180\" \/>\n\t<meta property=\"og:image:height\" content=\"300\" \/>\n\t<meta property=\"og:image:type\" content=\"image\/jpeg\" \/>\n<meta name=\"author\" content=\"CDD13\" \/>\n<meta name=\"twitter:card\" content=\"summary_large_image\" \/>\n<meta name=\"twitter:label1\" content=\"\u00c9crit par\" \/>\n\t<meta name=\"twitter:data1\" content=\"CDD13\" \/>\n\t<meta name=\"twitter:label2\" content=\"Dur\u00e9e de lecture estim\u00e9e\" \/>\n\t<meta name=\"twitter:data2\" content=\"2 minutes\" \/>\n<script type=\"application\/ld+json\" class=\"yoast-schema-graph\">{\"@context\":\"https:\/\/schema.org\",\"@graph\":[{\"@type\":\"Article\",\"@id\":\"https:\/\/icm.catholique.fr\/cheminsdedialogue\/conversations-orientales-sur-lislam-et-le-christianisme\/#article\",\"isPartOf\":{\"@id\":\"https:\/\/icm.catholique.fr\/cheminsdedialogue\/conversations-orientales-sur-lislam-et-le-christianisme\/\"},\"author\":{\"name\":\"CDD13\",\"@id\":\"https:\/\/icm.catholique.fr\/cheminsdedialogue\/#\/schema\/person\/c8c956c7eda0581bfe4fcabb6ddac401\"},\"headline\":\"Conversations orientales sur l&rsquo;islam et le christianisme &#8211; Mahm\u00fbd Ayy\u00fbb et Georges Khodr\",\"datePublished\":\"2018-10-19T14:41:07+00:00\",\"dateModified\":\"2025-07-03T08:06:03+00:00\",\"mainEntityOfPage\":{\"@id\":\"https:\/\/icm.catholique.fr\/cheminsdedialogue\/conversations-orientales-sur-lislam-et-le-christianisme\/\"},\"wordCount\":192,\"commentCount\":0,\"publisher\":{\"@id\":\"https:\/\/icm.catholique.fr\/cheminsdedialogue\/#organization\"},\"articleSection\":[\"Publications\"],\"inLanguage\":\"fr-FR\",\"potentialAction\":[{\"@type\":\"CommentAction\",\"name\":\"Comment\",\"target\":[\"https:\/\/icm.catholique.fr\/cheminsdedialogue\/conversations-orientales-sur-lislam-et-le-christianisme\/#respond\"]}]},{\"@type\":\"WebPage\",\"@id\":\"https:\/\/icm.catholique.fr\/cheminsdedialogue\/conversations-orientales-sur-lislam-et-le-christianisme\/\",\"url\":\"https:\/\/icm.catholique.fr\/cheminsdedialogue\/conversations-orientales-sur-lislam-et-le-christianisme\/\",\"name\":\"Conversations orientales sur l'islam et le christianisme - Mahm\u00fbd Ayy\u00fbb et Georges Khodr - Chemins de Dialogue\",\"isPartOf\":{\"@id\":\"https:\/\/icm.catholique.fr\/cheminsdedialogue\/#website\"},\"datePublished\":\"2018-10-19T14:41:07+00:00\",\"dateModified\":\"2025-07-03T08:06:03+00:00\",\"breadcrumb\":{\"@id\":\"https:\/\/icm.catholique.fr\/cheminsdedialogue\/conversations-orientales-sur-lislam-et-le-christianisme\/#breadcrumb\"},\"inLanguage\":\"fr-FR\",\"potentialAction\":[{\"@type\":\"ReadAction\",\"target\":[\"https:\/\/icm.catholique.fr\/cheminsdedialogue\/conversations-orientales-sur-lislam-et-le-christianisme\/\"]}]},{\"@type\":\"BreadcrumbList\",\"@id\":\"https:\/\/icm.catholique.fr\/cheminsdedialogue\/conversations-orientales-sur-lislam-et-le-christianisme\/#breadcrumb\",\"itemListElement\":[{\"@type\":\"ListItem\",\"position\":1,\"name\":\"Accueil\",\"item\":\"https:\/\/icm.catholique.fr\/cheminsdedialogue\/\"},{\"@type\":\"ListItem\",\"position\":2,\"name\":\"Conversations orientales sur l&rsquo;islam et le christianisme &#8211; Mahm\u00fbd Ayy\u00fbb et Georges Khodr\"}]},{\"@type\":\"WebSite\",\"@id\":\"https:\/\/icm.catholique.fr\/cheminsdedialogue\/#website\",\"url\":\"https:\/\/icm.catholique.fr\/cheminsdedialogue\/\",\"name\":\"Chemins de Dialogue\",\"description\":\"\",\"publisher\":{\"@id\":\"https:\/\/icm.catholique.fr\/cheminsdedialogue\/#organization\"},\"potentialAction\":[{\"@type\":\"SearchAction\",\"target\":{\"@type\":\"EntryPoint\",\"urlTemplate\":\"https:\/\/icm.catholique.fr\/cheminsdedialogue\/?s={search_term_string}\"},\"query-input\":\"required name=search_term_string\"}],\"inLanguage\":\"fr-FR\"},{\"@type\":\"Organization\",\"@id\":\"https:\/\/icm.catholique.fr\/cheminsdedialogue\/#organization\",\"name\":\"Association Chemins de Dialogue\",\"url\":\"https:\/\/icm.catholique.fr\/cheminsdedialogue\/\",\"logo\":{\"@type\":\"ImageObject\",\"inLanguage\":\"fr-FR\",\"@id\":\"https:\/\/icm.catholique.fr\/cheminsdedialogue\/#\/schema\/logo\/image\/\",\"url\":\"https:\/\/icm.catholique.fr\/cheminsdedialogue\/wp-content\/uploads\/2018\/11\/colombe-2.png\",\"contentUrl\":\"https:\/\/icm.catholique.fr\/cheminsdedialogue\/wp-content\/uploads\/2018\/11\/colombe-2.png\",\"width\":318,\"height\":201,\"caption\":\"Association Chemins de Dialogue\"},\"image\":{\"@id\":\"https:\/\/icm.catholique.fr\/cheminsdedialogue\/#\/schema\/logo\/image\/\"}},{\"@type\":\"Person\",\"@id\":\"https:\/\/icm.catholique.fr\/cheminsdedialogue\/#\/schema\/person\/c8c956c7eda0581bfe4fcabb6ddac401\",\"name\":\"CDD13\",\"image\":{\"@type\":\"ImageObject\",\"inLanguage\":\"fr-FR\",\"@id\":\"https:\/\/icm.catholique.fr\/cheminsdedialogue\/#\/schema\/person\/image\/\",\"url\":\"https:\/\/secure.gravatar.com\/avatar\/e883cf44ac9ef5022cf56056f957bcf0?s=96&d=mm&r=g\",\"contentUrl\":\"https:\/\/secure.gravatar.com\/avatar\/e883cf44ac9ef5022cf56056f957bcf0?s=96&d=mm&r=g\",\"caption\":\"CDD13\"},\"url\":\"https:\/\/icm.catholique.fr\/cheminsdedialogue\/author\/cdd13\/\"}]}<\/script>\n<!-- \/ Yoast SEO plugin. -->","yoast_head_json":{"title":"Conversations orientales sur l'islam et le christianisme - Mahm\u00fbd Ayy\u00fbb et Georges Khodr - Chemins de Dialogue","robots":{"index":"index","follow":"follow","max-snippet":"max-snippet:-1","max-image-preview":"max-image-preview:large","max-video-preview":"max-video-preview:-1"},"canonical":"https:\/\/icm.catholique.fr\/cheminsdedialogue\/conversations-orientales-sur-lislam-et-le-christianisme\/","og_locale":"fr_FR","og_type":"article","og_title":"Conversations orientales sur l'islam et le christianisme - Mahm\u00fbd Ayy\u00fbb et Georges Khodr - Chemins de Dialogue","og_description":"Trois d\u00e9bats \u00e0 l\u2019universit\u00e9 orthodoxe\u00a0\u2028de Balamand (Liban)Le d\u00e9bat que restitue ce petit livre date de plus de\u00a0vingt ans, puisqu\u2019il s\u2019est tenu en trois journ\u00e9es, les\u00a020, \"Conversations orientales sur l&rsquo;islam et le christianisme &#8211; Mahm\u00fbd Ayy\u00fbb et Georges Khodr\"","og_url":"https:\/\/icm.catholique.fr\/cheminsdedialogue\/conversations-orientales-sur-lislam-et-le-christianisme\/","og_site_name":"Chemins de Dialogue","article_published_time":"2018-10-19T14:41:07+00:00","article_modified_time":"2025-07-03T08:06:03+00:00","og_image":[{"width":180,"height":300,"url":"https:\/\/icm.catholique.fr\/cheminsdedialogue\/wp-content\/uploads\/2018\/04\/Conversations-couv.jpg","type":"image\/jpeg"}],"author":"CDD13","twitter_card":"summary_large_image","twitter_misc":{"\u00c9crit par":"CDD13","Dur\u00e9e de lecture estim\u00e9e":"2 minutes"},"schema":{"@context":"https:\/\/schema.org","@graph":[{"@type":"Article","@id":"https:\/\/icm.catholique.fr\/cheminsdedialogue\/conversations-orientales-sur-lislam-et-le-christianisme\/#article","isPartOf":{"@id":"https:\/\/icm.catholique.fr\/cheminsdedialogue\/conversations-orientales-sur-lislam-et-le-christianisme\/"},"author":{"name":"CDD13","@id":"https:\/\/icm.catholique.fr\/cheminsdedialogue\/#\/schema\/person\/c8c956c7eda0581bfe4fcabb6ddac401"},"headline":"Conversations orientales sur l&rsquo;islam et le christianisme &#8211; Mahm\u00fbd Ayy\u00fbb et Georges Khodr","datePublished":"2018-10-19T14:41:07+00:00","dateModified":"2025-07-03T08:06:03+00:00","mainEntityOfPage":{"@id":"https:\/\/icm.catholique.fr\/cheminsdedialogue\/conversations-orientales-sur-lislam-et-le-christianisme\/"},"wordCount":192,"commentCount":0,"publisher":{"@id":"https:\/\/icm.catholique.fr\/cheminsdedialogue\/#organization"},"articleSection":["Publications"],"inLanguage":"fr-FR","potentialAction":[{"@type":"CommentAction","name":"Comment","target":["https:\/\/icm.catholique.fr\/cheminsdedialogue\/conversations-orientales-sur-lislam-et-le-christianisme\/#respond"]}]},{"@type":"WebPage","@id":"https:\/\/icm.catholique.fr\/cheminsdedialogue\/conversations-orientales-sur-lislam-et-le-christianisme\/","url":"https:\/\/icm.catholique.fr\/cheminsdedialogue\/conversations-orientales-sur-lislam-et-le-christianisme\/","name":"Conversations orientales sur l'islam et le christianisme - Mahm\u00fbd Ayy\u00fbb et Georges Khodr - Chemins de Dialogue","isPartOf":{"@id":"https:\/\/icm.catholique.fr\/cheminsdedialogue\/#website"},"datePublished":"2018-10-19T14:41:07+00:00","dateModified":"2025-07-03T08:06:03+00:00","breadcrumb":{"@id":"https:\/\/icm.catholique.fr\/cheminsdedialogue\/conversations-orientales-sur-lislam-et-le-christianisme\/#breadcrumb"},"inLanguage":"fr-FR","potentialAction":[{"@type":"ReadAction","target":["https:\/\/icm.catholique.fr\/cheminsdedialogue\/conversations-orientales-sur-lislam-et-le-christianisme\/"]}]},{"@type":"BreadcrumbList","@id":"https:\/\/icm.catholique.fr\/cheminsdedialogue\/conversations-orientales-sur-lislam-et-le-christianisme\/#breadcrumb","itemListElement":[{"@type":"ListItem","position":1,"name":"Accueil","item":"https:\/\/icm.catholique.fr\/cheminsdedialogue\/"},{"@type":"ListItem","position":2,"name":"Conversations orientales sur l&rsquo;islam et le christianisme &#8211; Mahm\u00fbd Ayy\u00fbb et Georges Khodr"}]},{"@type":"WebSite","@id":"https:\/\/icm.catholique.fr\/cheminsdedialogue\/#website","url":"https:\/\/icm.catholique.fr\/cheminsdedialogue\/","name":"Chemins de Dialogue","description":"","publisher":{"@id":"https:\/\/icm.catholique.fr\/cheminsdedialogue\/#organization"},"potentialAction":[{"@type":"SearchAction","target":{"@type":"EntryPoint","urlTemplate":"https:\/\/icm.catholique.fr\/cheminsdedialogue\/?s={search_term_string}"},"query-input":"required name=search_term_string"}],"inLanguage":"fr-FR"},{"@type":"Organization","@id":"https:\/\/icm.catholique.fr\/cheminsdedialogue\/#organization","name":"Association Chemins de Dialogue","url":"https:\/\/icm.catholique.fr\/cheminsdedialogue\/","logo":{"@type":"ImageObject","inLanguage":"fr-FR","@id":"https:\/\/icm.catholique.fr\/cheminsdedialogue\/#\/schema\/logo\/image\/","url":"https:\/\/icm.catholique.fr\/cheminsdedialogue\/wp-content\/uploads\/2018\/11\/colombe-2.png","contentUrl":"https:\/\/icm.catholique.fr\/cheminsdedialogue\/wp-content\/uploads\/2018\/11\/colombe-2.png","width":318,"height":201,"caption":"Association Chemins de Dialogue"},"image":{"@id":"https:\/\/icm.catholique.fr\/cheminsdedialogue\/#\/schema\/logo\/image\/"}},{"@type":"Person","@id":"https:\/\/icm.catholique.fr\/cheminsdedialogue\/#\/schema\/person\/c8c956c7eda0581bfe4fcabb6ddac401","name":"CDD13","image":{"@type":"ImageObject","inLanguage":"fr-FR","@id":"https:\/\/icm.catholique.fr\/cheminsdedialogue\/#\/schema\/person\/image\/","url":"https:\/\/secure.gravatar.com\/avatar\/e883cf44ac9ef5022cf56056f957bcf0?s=96&d=mm&r=g","contentUrl":"https:\/\/secure.gravatar.com\/avatar\/e883cf44ac9ef5022cf56056f957bcf0?s=96&d=mm&r=g","caption":"CDD13"},"url":"https:\/\/icm.catholique.fr\/cheminsdedialogue\/author\/cdd13\/"}]}},"_links":{"self":[{"href":"https:\/\/icm.catholique.fr\/cheminsdedialogue\/wp-json\/wp\/v2\/posts\/2504"}],"collection":[{"href":"https:\/\/icm.catholique.fr\/cheminsdedialogue\/wp-json\/wp\/v2\/posts"}],"about":[{"href":"https:\/\/icm.catholique.fr\/cheminsdedialogue\/wp-json\/wp\/v2\/types\/post"}],"author":[{"embeddable":true,"href":"https:\/\/icm.catholique.fr\/cheminsdedialogue\/wp-json\/wp\/v2\/users\/1"}],"replies":[{"embeddable":true,"href":"https:\/\/icm.catholique.fr\/cheminsdedialogue\/wp-json\/wp\/v2\/comments?post=2504"}],"version-history":[{"count":11,"href":"https:\/\/icm.catholique.fr\/cheminsdedialogue\/wp-json\/wp\/v2\/posts\/2504\/revisions"}],"predecessor-version":[{"id":7159,"href":"https:\/\/icm.catholique.fr\/cheminsdedialogue\/wp-json\/wp\/v2\/posts\/2504\/revisions\/7159"}],"wp:featuredmedia":[{"embeddable":true,"href":"https:\/\/icm.catholique.fr\/cheminsdedialogue\/wp-json\/wp\/v2\/media\/2239"}],"wp:attachment":[{"href":"https:\/\/icm.catholique.fr\/cheminsdedialogue\/wp-json\/wp\/v2\/media?parent=2504"}],"wp:term":[{"taxonomy":"category","embeddable":true,"href":"https:\/\/icm.catholique.fr\/cheminsdedialogue\/wp-json\/wp\/v2\/categories?post=2504"},{"taxonomy":"post_tag","embeddable":true,"href":"https:\/\/icm.catholique.fr\/cheminsdedialogue\/wp-json\/wp\/v2\/tags?post=2504"}],"curies":[{"name":"wp","href":"https:\/\/api.w.org\/{rel}","templated":true}]}}